{"id":26090,"date":"2011-09-12T15:38:41","date_gmt":"2011-09-12T15:38:41","guid":{"rendered":"https:\/\/obscom.intervozes.org.br\/wordpress\/?p=26090"},"modified":"2011-09-12T15:38:41","modified_gmt":"2011-09-12T15:38:41","slug":"deputados-propoem-licenca-provisoria-para-radio-e-tv","status":"publish","type":"post","link":"https:\/\/obscom.intervozes.org.br\/?p=26090","title":{"rendered":"Deputados prop\u00f5em licen\u00e7a provis\u00f3ria para r\u00e1dio e TV"},"content":{"rendered":"<p><span class=\"padrao\"><strong>Reda&ccedil;&atilde;o &#8211; Tele S&iacute;ntese<\/strong><\/p>\n<p>Os deputados Silas C&acirc;mara (PSC-AM) e Marcelo Aguiar (PSC-SP), apresentaram projeto de lei na C&acirc;mara que garante o funcionamento provis&oacute;rio de emissoras de r&aacute;dio e de TV que estiverem com o ato de outorga parado no Congresso h&aacute; mais de 45 dias. A licen&ccedil;a provis&oacute;ria permanecer&aacute; em vigor at&eacute; a vota&ccedil;&atilde;o da outorga pelos parlamentares.<\/p>\n<p>O texto do PL 1247\/2011 altera o C&oacute;digo Brasileiro de Comunica&ccedil;&otilde;es (Lei 4.117\/62) para determinar que o Executivo garanta a opera&ccedil;&atilde;o provis&oacute;ria das emissoras que tiveram o ato de outorga publicado, mas n&atilde;o analisado pelo Congresso. A inten&ccedil;&atilde;o dos parlamentares &eacute; acelerar a tramita&ccedil;&atilde;o desses atos que, segundo os parlamentares, chegam a demorar cinco anos at&eacute; serem votados.<\/p>\n<p>A proposta, que tramita em car&aacute;ter conclusivo, ser&aacute; analisada pelas comiss&otilde;es de Ci&ecirc;ncia e Tecnologia; e de Constitui&ccedil;&atilde;o e Justi&ccedil;a, antes de ir ao Senado<\/span><\/p>\n","protected":false},"excerpt":{"rendered":"<p>Reda&ccedil;&atilde;o &#8211; Tele S&iacute;ntese Os deputados Silas C&acirc;mara (PSC-AM) e Marcelo Aguiar (PSC-SP), apresentaram projeto de lei na C&acirc;mara que garante o funcionamento provis&oacute;rio de emissoras de r&aacute;dio e de TV que estiverem com o ato de outorga parado no Congresso h&aacute; mais de 45 dias. A licen&ccedil;a provis&oacute;ria permanecer&aacute; em vigor at&eacute; a vota&ccedil;&atilde;o &hellip; <a href=\"https:\/\/obscom.intervozes.org.br\/?p=26090\" class=\"more-link\">Continue lendo <span class=\"screen-reader-text\">Deputados prop\u00f5em licen\u00e7a provis\u00f3ria para r\u00e1dio e TV<\/span> <span class=\"meta-nav\">&rarr;<\/span><\/a><\/p>\n","protected":false},"author":1,"featured_media":0,"comment_status":"open","ping_status":"open","sticky":false,"template":"","format":"standard","meta":{"footnotes":""},"categories":[39],"tags":[],"_links":{"self":[{"href":"https:\/\/obscom.intervozes.org.br\/index.php?rest_route=\/wp\/v2\/posts\/26090"}],"collection":[{"href":"https:\/\/obscom.intervozes.org.br\/index.php?rest_route=\/wp\/v2\/posts"}],"about":[{"href":"https:\/\/obscom.intervozes.org.br\/index.php?rest_route=\/wp\/v2\/types\/post"}],"author":[{"embeddable":true,"href":"https:\/\/obscom.intervozes.org.br\/index.php?rest_route=\/wp\/v2\/users\/1"}],"replies":[{"embeddable":true,"href":"https:\/\/obscom.intervozes.org.br\/index.php?rest_route=%2Fwp%2Fv2%2Fcomments&post=26090"}],"version-history":[{"count":0,"href":"https:\/\/obscom.intervozes.org.br\/index.php?rest_route=\/wp\/v2\/posts\/26090\/revisions"}],"wp:attachment":[{"href":"https:\/\/obscom.intervozes.org.br\/index.php?rest_route=%2Fwp%2Fv2%2Fmedia&parent=26090"}],"wp:term":[{"taxonomy":"category","embeddable":true,"href":"https:\/\/obscom.intervozes.org.br\/index.php?rest_route=%2Fwp%2Fv2%2Fcategories&post=26090"},{"taxonomy":"post_tag","embeddable":true,"href":"https:\/\/obscom.intervozes.org.br\/index.php?rest_route=%2Fwp%2Fv2%2Ftags&post=26090"}],"curies":[{"name":"wp","href":"https:\/\/api.w.org\/{rel}","templated":true}]}}