{"id":26089,"date":"2011-09-09T15:29:10","date_gmt":"2011-09-09T15:29:10","guid":{"rendered":"https:\/\/obscom.intervozes.org.br\/wordpress\/?p=26089"},"modified":"2014-09-07T03:02:10","modified_gmt":"2014-09-07T03:02:10","slug":"estudo-analisa-tratamento-da-midia-sobre-as-questoes-de-generos-no-brasil","status":"publish","type":"post","link":"https:\/\/obscom.intervozes.org.br\/?p=26089","title":{"rendered":"Estudo analisa tratamento da m\u00eddia sobre as quest\u00f5es de g\u00eaneros no Brasil"},"content":{"rendered":"<p><span class=\"padrao\"><strong>Carla Festucci &#8211; Observa&oacute;rio do Direito &agrave; Comunica&ccedil;&atilde;o<\/strong><\/p>\n<p>Mesmo representando quase a metade da popula&ccedil;&atilde;o economicamente ativa no Brasil, as mulheres ainda enfrentam problemas como dupla jornada de trabalho e sal&aacute;rios que representam apenas 70% do que os homens recebem. Essas quest&otilde;es, no entanto, s&atilde;o pouco noticiadas pela m&iacute;dia brasileira, que prefere tratar de assuntos como trajet&oacute;rias profissionais bem-sucedidas e outros pontos mais gen&eacute;ricos do mercado de trabalho.<\/p>\n<p>Foi essa a conclus&atilde;o a que chegou o estudo &ldquo;An&aacute;lise da Cobertura da Imprensa sobre Mulheres e Trabalho&rdquo;, realizado pela ANDI &ndash; Comunica&ccedil;&atilde;o e Direitos, em parceria com o Instituto Patr&iacute;cia Galv&atilde;o, e desenvolvido com o Observat&oacute;rio Brasil da Igualdade de G&ecirc;nero (uma iniciativa da Secretaria de Pol&iacute;ticas para as Mulheres do Governo Federal). Foram considerados 450 textos, ao longo de 2010, a partir da cobertura de 16 jornais de todas as regi&otilde;es brasileiras.<\/p>\n<p>Para apresentar os resultados dessa an&aacute;lise, juntamente com os de outras tr&ecirc;s pesquisas in&eacute;ditas, ser&aacute; realizado, no dia 03 de outubro (segunda-feira), o <a href=\"http:\/\/localhost\/intervozes_direitoacomunicacao\/wordpress\/?p=18363\" target=\"_blank\">Semin&aacute;rio &ldquo;Imprensa e Agenda de Direitos das Mulheres<\/a>  &ndash; uma an&aacute;lise das tend&ecirc;ncias da cobertura jornal&iacute;stica&rdquo;, no Audit&oacute;rio do Anexo I do Pal&aacute;cio do Planalto, em Bras&iacute;lia. O evento &eacute; aberto e as inscri&ccedil;&otilde;es devem ser feitas <a href=\"http:\/\/adm.informacao.andi.org.br\/seminario\/\">pela internet<\/a> . <\/span><\/p>\n<p><span class=\"padrao\">O resumo executivo do estudo est&aacute; dispon&iacute;vel para download nos sites <a href=\"http:\/\/www.andi.org.br\/inclusao-e-sustentabilidade\/publicacao\/analise-da-cobertura-da-imprensa-sobre-mulher-e-trabalho\" target=\"_blank\">da ANDI<\/a>, do <a href=\"http:\/\/localhost\/intervozes_direitoacomunicacao\/wordpress\/?p=19886\" target=\"_blank\">Instituto Patr&iacute;cia Galv&atilde;o<\/a>  e do <a href=\"http:\/\/www.observatoriodegenero.gov.br\/menu\/noticias\/observatorio-e-parceiros-realizam-seminario-201cimprensa-e-agenda-de-direitos-das-mulheres-2013-uma-analise-das-tendencias-da-cobertura-jornalistica201d\" target=\"_blank\">Observat&oacute;rio Brasil da Igualdade de G&ecirc;nero<\/a>.<\/span><\/p>\n","protected":false},"excerpt":{"rendered":"<p>Carla Festucci &#8211; Observa&oacute;rio do Direito &agrave; Comunica&ccedil;&atilde;o Mesmo representando quase a metade da popula&ccedil;&atilde;o economicamente ativa no Brasil, as mulheres ainda enfrentam problemas como dupla jornada de trabalho e sal&aacute;rios que representam apenas 70% do que os homens recebem. Essas quest&otilde;es, no entanto, s&atilde;o pouco noticiadas pela m&iacute;dia brasileira, que prefere tratar de assuntos &hellip; <a href=\"https:\/\/obscom.intervozes.org.br\/?p=26089\" class=\"more-link\">Continue lendo <span class=\"screen-reader-text\">Estudo analisa tratamento da m\u00eddia sobre as quest\u00f5es de g\u00eaneros no Brasil<\/span> <span class=\"meta-nav\">&rarr;<\/span><\/a><\/p>\n","protected":false},"author":1,"featured_media":0,"comment_status":"open","ping_status":"open","sticky":false,"template":"","format":"standard","meta":{"footnotes":""},"categories":[39],"tags":[],"_links":{"self":[{"href":"https:\/\/obscom.intervozes.org.br\/index.php?rest_route=\/wp\/v2\/posts\/26089"}],"collection":[{"href":"https:\/\/obscom.intervozes.org.br\/index.php?rest_route=\/wp\/v2\/posts"}],"about":[{"href":"https:\/\/obscom.intervozes.org.br\/index.php?rest_route=\/wp\/v2\/types\/post"}],"author":[{"embeddable":true,"href":"https:\/\/obscom.intervozes.org.br\/index.php?rest_route=\/wp\/v2\/users\/1"}],"replies":[{"embeddable":true,"href":"https:\/\/obscom.intervozes.org.br\/index.php?rest_route=%2Fwp%2Fv2%2Fcomments&post=26089"}],"version-history":[{"count":2,"href":"https:\/\/obscom.intervozes.org.br\/index.php?rest_route=\/wp\/v2\/posts\/26089\/revisions"}],"predecessor-version":[{"id":28262,"href":"https:\/\/obscom.intervozes.org.br\/index.php?rest_route=\/wp\/v2\/posts\/26089\/revisions\/28262"}],"wp:attachment":[{"href":"https:\/\/obscom.intervozes.org.br\/index.php?rest_route=%2Fwp%2Fv2%2Fmedia&parent=26089"}],"wp:term":[{"taxonomy":"category","embeddable":true,"href":"https:\/\/obscom.intervozes.org.br\/index.php?rest_route=%2Fwp%2Fv2%2Fcategories&post=26089"},{"taxonomy":"post_tag","embeddable":true,"href":"https:\/\/obscom.intervozes.org.br\/index.php?rest_route=%2Fwp%2Fv2%2Ftags&post=26089"}],"curies":[{"name":"wp","href":"https:\/\/api.w.org\/{rel}","templated":true}]}}