{"id":26082,"date":"2011-09-08T16:06:11","date_gmt":"2011-09-08T16:06:11","guid":{"rendered":"https:\/\/obscom.intervozes.org.br\/wordpress\/?p=26082"},"modified":"2011-09-08T16:06:11","modified_gmt":"2011-09-08T16:06:11","slug":"data-final-para-sancao-do-plc-116-e-dia-12-diz-casa-civil","status":"publish","type":"post","link":"https:\/\/obscom.intervozes.org.br\/?p=26082","title":{"rendered":"Data final para san\u00e7\u00e3o do PLC 116 \u00e9 dia 12, diz Casa Civil"},"content":{"rendered":"<p><span class=\"padrao\"><strong>Samuel Possebon &#8211; Tele Time News<\/strong><\/p>\n<p>A data limite para a san&ccedil;&atilde;o presidencial ao PLC 116, que cria novas regras ao mercado de TV por assinatura, &eacute; dia 12 de setembro, segunda-feira da pr&oacute;xima semana, informa a Casa Civil. &Eacute; que apesar de o projeto ter chegado ao Planalto no dia 22 para a san&ccedil;&atilde;o, o prazo de 15 dias conta apenas dias &uacute;teis. Por isso, at&eacute; o momento, n&atilde;o houve nenhuma manifesta&ccedil;&atilde;o sobre a aprova&ccedil;&atilde;o final do projeto. Ainda existem debates dentro da presid&ecirc;ncia sobre a possibilidade de vetos, mas o mais prov&aacute;vel &eacute; que ele seja publicado como veio do Congresso.<\/span><\/p>\n","protected":false},"excerpt":{"rendered":"<p>Samuel Possebon &#8211; Tele Time News A data limite para a san&ccedil;&atilde;o presidencial ao PLC 116, que cria novas regras ao mercado de TV por assinatura, &eacute; dia 12 de setembro, segunda-feira da pr&oacute;xima semana, informa a Casa Civil. &Eacute; que apesar de o projeto ter chegado ao Planalto no dia 22 para a san&ccedil;&atilde;o, &hellip; <a href=\"https:\/\/obscom.intervozes.org.br\/?p=26082\" class=\"more-link\">Continue lendo <span class=\"screen-reader-text\">Data final para san\u00e7\u00e3o do PLC 116 \u00e9 dia 12, diz Casa Civil<\/span> <span class=\"meta-nav\">&rarr;<\/span><\/a><\/p>\n","protected":false},"author":1,"featured_media":0,"comment_status":"open","ping_status":"open","sticky":false,"template":"","format":"standard","meta":{"footnotes":""},"categories":[39],"tags":[],"_links":{"self":[{"href":"https:\/\/obscom.intervozes.org.br\/index.php?rest_route=\/wp\/v2\/posts\/26082"}],"collection":[{"href":"https:\/\/obscom.intervozes.org.br\/index.php?rest_route=\/wp\/v2\/posts"}],"about":[{"href":"https:\/\/obscom.intervozes.org.br\/index.php?rest_route=\/wp\/v2\/types\/post"}],"author":[{"embeddable":true,"href":"https:\/\/obscom.intervozes.org.br\/index.php?rest_route=\/wp\/v2\/users\/1"}],"replies":[{"embeddable":true,"href":"https:\/\/obscom.intervozes.org.br\/index.php?rest_route=%2Fwp%2Fv2%2Fcomments&post=26082"}],"version-history":[{"count":0,"href":"https:\/\/obscom.intervozes.org.br\/index.php?rest_route=\/wp\/v2\/posts\/26082\/revisions"}],"wp:attachment":[{"href":"https:\/\/obscom.intervozes.org.br\/index.php?rest_route=%2Fwp%2Fv2%2Fmedia&parent=26082"}],"wp:term":[{"taxonomy":"category","embeddable":true,"href":"https:\/\/obscom.intervozes.org.br\/index.php?rest_route=%2Fwp%2Fv2%2Fcategories&post=26082"},{"taxonomy":"post_tag","embeddable":true,"href":"https:\/\/obscom.intervozes.org.br\/index.php?rest_route=%2Fwp%2Fv2%2Ftags&post=26082"}],"curies":[{"name":"wp","href":"https:\/\/api.w.org\/{rel}","templated":true}]}}