{"id":26078,"date":"2011-09-06T12:05:36","date_gmt":"2011-09-06T12:05:36","guid":{"rendered":"https:\/\/obscom.intervozes.org.br\/wordpress\/?p=26078"},"modified":"2014-09-07T03:02:08","modified_gmt":"2014-09-07T03:02:08","slug":"entidades-culturais-lancam-carta-aberta-para-defender-politicas-e-reivindicacoes-do-setor","status":"publish","type":"post","link":"https:\/\/obscom.intervozes.org.br\/?p=26078","title":{"rendered":"Entidades culturais lan\u00e7am carta aberta para defender pol\u00edticas e reivindica\u00e7\u00f5es do setor"},"content":{"rendered":"<p><span class=\"padrao\"><strong>Carla Festucci &#8211; Observat&oacute;rio do Direito &agrave; Comunica&ccedil;&atilde;o<\/strong><\/p>\n<p>A carta aberta &ldquo;<a href=\"http:\/\/www.mobilizacultura.org\/2011\/09\/04\/pais-rico-e-pais-com-cultura\/\" target=\"_blank\">Pa&iacute;s rico &eacute; pa&iacute;s com cultura!<\/a>&rdquo; foi publicada no &uacute;ltimo s&aacute;bado pelos movimentos culturais que participaram, na &uacute;ltima semana, de uma mobiliza&ccedil;&atilde;o em Bras&iacute;lia, diante dos <a href=\"http:\/\/localhost\/intervozes_direitoacomunicacao\/wordpress\/?p=26057\" target=\"_blank\">&uacute;ltimos acontecimentos<\/a>  relacionados ao Minist&eacute;rio da Cultura (MinC).&nbsp; As entidades reafirmam seu compromisso em defesa das pol&iacute;ticas p&uacute;blicas de cultura constru&iacute;das durante o governo Lula e apresentam &agrave; presidente Dilma Roussef as principais reivindica&ccedil;&otilde;es do setor.<\/p>\n<p>O documento afirma: &ldquo;N&atilde;o podemos mais aceitar que as conquistas e avan&ccedil;os da sociedade brasileira no campo cultural, chanceladas pela sociedade civil e pelo Estado e tornadas p&uacute;blicas no Plano Nacional de Cultura, continuem a ser desrespeitadas e ignoradas&rdquo;. E ainda: &ldquo;Pa&iacute;s rico &eacute; pa&iacute;s com democracia participativa, e por isso n&atilde;o podemos aceitar o rompimento do di&aacute;logo constru&iacute;do com os movimentos e agentes em gest&atilde;o compartilhada nos oito anos do governo Lula&rdquo;.<\/p>\n<p>A carta &eacute; assinada por mais de 100 institui&ccedil;&otilde;es e coletivos de todas as partes do pa&iacute;s, entre eles o Conselho Nacional de Cineclubes Brasileiros, o Congresso Brasileiro de Cinema, o Circuito Fora do Eixo e a Casa da Cultura Digital. &ldquo;O MinC somos n&oacute;s e nosso compromisso &eacute; com o vi&aacute;vel e com o poss&iacute;vel&rdquo;, expressam as entidades em outro trecho da mensagem.<\/p>\n<p>Aqueles movimentos culturais que concordarem com o teor do documento e quiserem se incluir como subscritores podem enviar mensagem para <a href=\"mailto:mobilizacultura@gmail.com\">mobilizacultura@gmail.com<\/a>, informando nome da entidade, cidade e o estado no qual atua. &ldquo;&Eacute; preciso que nos unamos ao redor de um projeto no qual a cultura seja convocada de fato a cumprir sua voca&ccedil;&atilde;o de inventora de futuro, desenvolvimento, soberania, sustentabilidade, democracia e inclus&atilde;o social. &Eacute; preciso confian&ccedil;a na cultura brasileira!&rdquo;, finaliza a carta.<\/span><\/p>\n","protected":false},"excerpt":{"rendered":"<p>Carla Festucci &#8211; Observat&oacute;rio do Direito &agrave; Comunica&ccedil;&atilde;o A carta aberta &ldquo;Pa&iacute;s rico &eacute; pa&iacute;s com cultura!&rdquo; foi publicada no &uacute;ltimo s&aacute;bado pelos movimentos culturais que participaram, na &uacute;ltima semana, de uma mobiliza&ccedil;&atilde;o em Bras&iacute;lia, diante dos &uacute;ltimos acontecimentos relacionados ao Minist&eacute;rio da Cultura (MinC).&nbsp; As entidades reafirmam seu compromisso em defesa das pol&iacute;ticas p&uacute;blicas &hellip; <a href=\"https:\/\/obscom.intervozes.org.br\/?p=26078\" class=\"more-link\">Continue lendo <span class=\"screen-reader-text\">Entidades culturais lan\u00e7am carta aberta para defender pol\u00edticas e reivindica\u00e7\u00f5es do setor<\/span> <span class=\"meta-nav\">&rarr;<\/span><\/a><\/p>\n","protected":false},"author":1,"featured_media":0,"comment_status":"open","ping_status":"open","sticky":false,"template":"","format":"standard","meta":{"footnotes":""},"categories":[39],"tags":[],"_links":{"self":[{"href":"https:\/\/obscom.intervozes.org.br\/index.php?rest_route=\/wp\/v2\/posts\/26078"}],"collection":[{"href":"https:\/\/obscom.intervozes.org.br\/index.php?rest_route=\/wp\/v2\/posts"}],"about":[{"href":"https:\/\/obscom.intervozes.org.br\/index.php?rest_route=\/wp\/v2\/types\/post"}],"author":[{"embeddable":true,"href":"https:\/\/obscom.intervozes.org.br\/index.php?rest_route=\/wp\/v2\/users\/1"}],"replies":[{"embeddable":true,"href":"https:\/\/obscom.intervozes.org.br\/index.php?rest_route=%2Fwp%2Fv2%2Fcomments&post=26078"}],"version-history":[{"count":1,"href":"https:\/\/obscom.intervozes.org.br\/index.php?rest_route=\/wp\/v2\/posts\/26078\/revisions"}],"predecessor-version":[{"id":28259,"href":"https:\/\/obscom.intervozes.org.br\/index.php?rest_route=\/wp\/v2\/posts\/26078\/revisions\/28259"}],"wp:attachment":[{"href":"https:\/\/obscom.intervozes.org.br\/index.php?rest_route=%2Fwp%2Fv2%2Fmedia&parent=26078"}],"wp:term":[{"taxonomy":"category","embeddable":true,"href":"https:\/\/obscom.intervozes.org.br\/index.php?rest_route=%2Fwp%2Fv2%2Fcategories&post=26078"},{"taxonomy":"post_tag","embeddable":true,"href":"https:\/\/obscom.intervozes.org.br\/index.php?rest_route=%2Fwp%2Fv2%2Ftags&post=26078"}],"curies":[{"name":"wp","href":"https:\/\/api.w.org\/{rel}","templated":true}]}}