{"id":26077,"date":"2011-09-06T11:51:18","date_gmt":"2011-09-06T11:51:18","guid":{"rendered":"https:\/\/obscom.intervozes.org.br\/wordpress\/?p=26077"},"modified":"2011-09-06T11:51:18","modified_gmt":"2011-09-06T11:51:18","slug":"concessionarias-dizem-que-pgmc-e-intromissao-indevida-no-mercado","status":"publish","type":"post","link":"https:\/\/obscom.intervozes.org.br\/?p=26077","title":{"rendered":"Concession\u00e1rias dizem que PGMC \u00e9 intromiss\u00e3o indevida no mercado"},"content":{"rendered":"<p><span class=\"padrao\">As concession&aacute;rias de telecomunica&ccedil;&otilde;es n&atilde;o est&atilde;o satisfeitas com a proposta de regulamento do Plano Geral de Metas de Competi&ccedil;&atilde;o, que est&aacute; em consulta p&uacute;blica. Para a Oi e a Telef&ocirc;nica, a proposta da Anatel viola o princ&iacute;pio da livre iniciativa ao, por exemplo, obrigar as empresas a destinarem 50% da capacidade de suas redes para a venda no atacado ou a obriga&ccedil;&atilde;o de instala&ccedil;&atilde;o de PTTs em cada &aacute;rea de registro em que o grupo com PMS no servi&ccedil;o de transporte de longa dist&acirc;ncia atua.<\/p>\n<p>&quot;H&aacute; uma viola&ccedil;&atilde;o ao princ&iacute;pio da livre iniciativa. O poder p&uacute;blico pode estabelecer metas para si pr&oacute;prio, jamais para a iniciativa privada. &Eacute; uma intrus&atilde;o indevida na iniciativa privada&quot;, sustenta Camila Tapia, advogada da Telef&ocirc;nica.<\/p>\n<p>Para ela, o plano desmotiva que a empresa fa&ccedil;a novos investimentos e, mais do isso, penaliza aquelas companhias que conseguiram um alto n&iacute;vel de efici&ecirc;ncia. &quot;O poder de mercado em si n&atilde;o &eacute; um mal que tem que ser sanado. A gente v&ecirc; a cria&ccedil;&atilde;o de desvantagens para quem &eacute; eficiente. As empresas est&atilde;o sendo punidas&quot;, afirma ela.<\/p>\n<p>Segundo os c&aacute;lculos da Anatel, a obriga&ccedil;&atilde;o de instala&ccedil;&atilde;o de PTT nas &aacute;reas de registro em que a concession&aacute;ria for considerada PMS elevar&aacute; de 16 para 67 o n&uacute;mero de PTTs no Brasil.<\/p>\n<p>Corroborando com os argumentos da Telef&ocirc;nica, Rafael Oliva, representante da Oi, entende que as novas obrigac&otilde;es se traduzir&atilde;o em investimento compuls&oacute;rio para as companhias que venham a ser consideras PMS. Al&eacute;m disso, ele critica a cria&ccedil;&atilde;o da entidade surpervisora que ter&aacute; a miss&atilde;o de receber as ofertas da sempresas consideradas PMS em cada mercado relevante e encaminh&aacute;-las para a homologa&ccedil;&atilde;o da Anatel. Para Oliva, esse mecanismo &eacute; uma excessiva burocratiza&ccedil;&atilde;o da homologa&ccedil;&atilde;o das ofertas.<\/p>\n<p><strong>Universaliza&ccedil;&atilde;o<\/strong><\/p>\n<p>As medidas regulat&oacute;rias para as empresas PMS foram consideradas t&atilde;o excessivas a ponto do PGMC ser chamado por alguns de plano de universaliza&ccedil;&atilde;o. Para o advogado Pedro Dutra, que advoga para a ABTA e para a Net Servi&ccedil;os, por exemplo, o plano sofre de uma &quot;inevit&aacute;vel contradi&ccedil;&atilde;o fundamental&quot;.&nbsp;&nbsp; Para ele, o atendimento dos mercados de baixa renda deve ser feito pelo poder p&uacute;blico, atrav&eacute;s de instrumentos que foram concebidos para este fim, como o Fust. &quot;Creio que esse plano deveria ser chamado &#39;de universaliza&ccedil;&atilde;o&#39; com a respectiva fonte de financiamento. Quem vai remunerar o investimento que a concession&aacute;ria ou a autorizat&aacute;ria vai fazer na baixa renda?&quot;, pergunta.<\/p>\n<p><strong>Mais prazo<\/strong><\/p>\n<p>Na &uacute;ltima sexta-feira, 2, a Anatel estendeu o prazo da consulta p&uacute;blica que temrinaria na pr&oacute;xima quinta, 8, por mais 30 dias. Mesmo assim, Oi e Telef&ocirc;nica solicitaram ainda mais prazo para a consulta p&uacute;blica, devido a complexidade do tema. Camila da Telef&ocirc;nica afirma que na Uni&atilde;o Europeia houve uma consulta p&uacute;blica para a metodologia e uma para cada um dos mercados relevantes, o que n&atilde;o est&aacute; sendo feito pela Anatel. A Oi tamb&eacute;m fez o pedido para amplia&ccedil;&atilde;o do prazo por mais 90 dias.<\/span><\/p>\n<p>&nbsp;<\/p>\n","protected":false},"excerpt":{"rendered":"<p>As concession&aacute;rias de telecomunica&ccedil;&otilde;es n&atilde;o est&atilde;o satisfeitas com a proposta de regulamento do Plano Geral de Metas de Competi&ccedil;&atilde;o, que est&aacute; em consulta p&uacute;blica. Para a Oi e a Telef&ocirc;nica, a proposta da Anatel viola o princ&iacute;pio da livre iniciativa ao, por exemplo, obrigar as empresas a destinarem 50% da capacidade de suas redes para &hellip; <a href=\"https:\/\/obscom.intervozes.org.br\/?p=26077\" class=\"more-link\">Continue lendo <span class=\"screen-reader-text\">Concession\u00e1rias dizem que PGMC \u00e9 intromiss\u00e3o indevida no mercado<\/span> <span class=\"meta-nav\">&rarr;<\/span><\/a><\/p>\n","protected":false},"author":1,"featured_media":0,"comment_status":"open","ping_status":"open","sticky":false,"template":"","format":"standard","meta":{"footnotes":""},"categories":[40],"tags":[1040],"_links":{"self":[{"href":"https:\/\/obscom.intervozes.org.br\/index.php?rest_route=\/wp\/v2\/posts\/26077"}],"collection":[{"href":"https:\/\/obscom.intervozes.org.br\/index.php?rest_route=\/wp\/v2\/posts"}],"about":[{"href":"https:\/\/obscom.intervozes.org.br\/index.php?rest_route=\/wp\/v2\/types\/post"}],"author":[{"embeddable":true,"href":"https:\/\/obscom.intervozes.org.br\/index.php?rest_route=\/wp\/v2\/users\/1"}],"replies":[{"embeddable":true,"href":"https:\/\/obscom.intervozes.org.br\/index.php?rest_route=%2Fwp%2Fv2%2Fcomments&post=26077"}],"version-history":[{"count":0,"href":"https:\/\/obscom.intervozes.org.br\/index.php?rest_route=\/wp\/v2\/posts\/26077\/revisions"}],"wp:attachment":[{"href":"https:\/\/obscom.intervozes.org.br\/index.php?rest_route=%2Fwp%2Fv2%2Fmedia&parent=26077"}],"wp:term":[{"taxonomy":"category","embeddable":true,"href":"https:\/\/obscom.intervozes.org.br\/index.php?rest_route=%2Fwp%2Fv2%2Fcategories&post=26077"},{"taxonomy":"post_tag","embeddable":true,"href":"https:\/\/obscom.intervozes.org.br\/index.php?rest_route=%2Fwp%2Fv2%2Ftags&post=26077"}],"curies":[{"name":"wp","href":"https:\/\/api.w.org\/{rel}","templated":true}]}}