{"id":26070,"date":"2011-09-05T14:28:20","date_gmt":"2011-09-05T14:28:20","guid":{"rendered":"https:\/\/obscom.intervozes.org.br\/wordpress\/?p=26070"},"modified":"2011-09-05T14:28:20","modified_gmt":"2011-09-05T14:28:20","slug":"projeto-de-comunicacao-capacitara-atingidos-por-obras-da-copa","status":"publish","type":"post","link":"https:\/\/obscom.intervozes.org.br\/?p=26070","title":{"rendered":"Projeto de comunica\u00e7\u00e3o capacitar\u00e1 atingidos por obras da Copa"},"content":{"rendered":"<p><span class=\"padrao\"><strong>Reda&ccedil;&atilde;o &#8211; Ag&ecirc;ncia Pulsar<\/strong><\/p>\n<p>O Projeto Olho M&aacute;gico &ndash; Educa&ccedil;&atilde;o Audiovisual em M&iacute;dias M&oacute;veis e o Comit&ecirc; Popular da Copa de Fortaleza, no Cear&aacute;, lan&ccedil;ou neste final de semana um projeto de comunica&ccedil;&atilde;o com objetivo de capacitar comunidades em produ&ccedil;&atilde;o audiovisual.<\/p>\n<p>Roger Pires, um dos coordenadores do Projeto Olho M&aacute;gico, explica que a inten&ccedil;&atilde;o &eacute; auxiliar as comunidades a mostrar suas realidades, mem&oacute;rias e hist&oacute;rias de lutas para que ganhem visibilidade al&eacute;m de fortalecer as resist&ecirc;ncias. Ele considera que a produ&ccedil;&atilde;o em audiovisual funcionar&aacute; como uma forma de fiscalizar os processos de remo&ccedil;&otilde;es.<\/p>\n<p>O projeto chega justamente no momento em que a licen&ccedil;a pr&eacute;via para a constru&ccedil;&atilde;o de uma Ve&iacute;culo Leve sobre Trilhos (VLT) foi concedida. O VLT prev&ecirc; desapropriar cerca de cinco mil fam&iacute;lias, em 22 comunidades de Fortaleza.<\/p>\n<p>De acordo com C&aacute;ssia Sales, moradora da comunidade Trilha do Senhor e membro do Movimento de Luta em Defesa da Moradia (MLDM), a a&ccedil;&atilde;o do governo consiste em remo&ccedil;&atilde;o for&ccedil;ada, violando o direito &agrave; moradia. Para ela, &ldquo;n&atilde;o se trata de um projeto para mobilidade urbana, mas de higieniza&ccedil;&atilde;o social&rdquo;.<\/p>\n<p>O projeto De olho na cidade &ndash; educomunica&ccedil;&atilde;o para o fortalecimento da luta em defesa do direito &agrave; terra urbana foi contemplado em edital do Fundo Brasil de Direitos Humanos. Para auxiliar na estrutura&ccedil;&atilde;o dos n&uacute;cleos comunit&aacute;rios, o Comit&ecirc; Popular da Copa de Fortaleza est&aacute; recebendo doa&ccedil;&otilde;es de equipamentos como c&acirc;meras digitais, celulares e computadores usados.<\/span><\/p>\n","protected":false},"excerpt":{"rendered":"<p>Reda&ccedil;&atilde;o &#8211; Ag&ecirc;ncia Pulsar O Projeto Olho M&aacute;gico &ndash; Educa&ccedil;&atilde;o Audiovisual em M&iacute;dias M&oacute;veis e o Comit&ecirc; Popular da Copa de Fortaleza, no Cear&aacute;, lan&ccedil;ou neste final de semana um projeto de comunica&ccedil;&atilde;o com objetivo de capacitar comunidades em produ&ccedil;&atilde;o audiovisual. Roger Pires, um dos coordenadores do Projeto Olho M&aacute;gico, explica que a inten&ccedil;&atilde;o &eacute; &hellip; <a href=\"https:\/\/obscom.intervozes.org.br\/?p=26070\" class=\"more-link\">Continue lendo <span class=\"screen-reader-text\">Projeto de comunica\u00e7\u00e3o capacitar\u00e1 atingidos por obras da Copa<\/span> <span class=\"meta-nav\">&rarr;<\/span><\/a><\/p>\n","protected":false},"author":1,"featured_media":0,"comment_status":"open","ping_status":"open","sticky":false,"template":"","format":"standard","meta":{"footnotes":""},"categories":[39],"tags":[],"_links":{"self":[{"href":"https:\/\/obscom.intervozes.org.br\/index.php?rest_route=\/wp\/v2\/posts\/26070"}],"collection":[{"href":"https:\/\/obscom.intervozes.org.br\/index.php?rest_route=\/wp\/v2\/posts"}],"about":[{"href":"https:\/\/obscom.intervozes.org.br\/index.php?rest_route=\/wp\/v2\/types\/post"}],"author":[{"embeddable":true,"href":"https:\/\/obscom.intervozes.org.br\/index.php?rest_route=\/wp\/v2\/users\/1"}],"replies":[{"embeddable":true,"href":"https:\/\/obscom.intervozes.org.br\/index.php?rest_route=%2Fwp%2Fv2%2Fcomments&post=26070"}],"version-history":[{"count":0,"href":"https:\/\/obscom.intervozes.org.br\/index.php?rest_route=\/wp\/v2\/posts\/26070\/revisions"}],"wp:attachment":[{"href":"https:\/\/obscom.intervozes.org.br\/index.php?rest_route=%2Fwp%2Fv2%2Fmedia&parent=26070"}],"wp:term":[{"taxonomy":"category","embeddable":true,"href":"https:\/\/obscom.intervozes.org.br\/index.php?rest_route=%2Fwp%2Fv2%2Fcategories&post=26070"},{"taxonomy":"post_tag","embeddable":true,"href":"https:\/\/obscom.intervozes.org.br\/index.php?rest_route=%2Fwp%2Fv2%2Ftags&post=26070"}],"curies":[{"name":"wp","href":"https:\/\/api.w.org\/{rel}","templated":true}]}}