{"id":26064,"date":"2011-09-02T16:58:58","date_gmt":"2011-09-02T16:58:58","guid":{"rendered":"https:\/\/obscom.intervozes.org.br\/wordpress\/?p=26064"},"modified":"2011-09-02T16:58:58","modified_gmt":"2011-09-02T16:58:58","slug":"escolha-do-padrao-de-radio-digital-vai-considerar-aspectos-tecnicos-e-economicos","status":"publish","type":"post","link":"https:\/\/obscom.intervozes.org.br\/?p=26064","title":{"rendered":"Escolha do padr\u00e3o de r\u00e1dio digital vai considerar aspectos t\u00e9cnicos e econ\u00f4micos"},"content":{"rendered":"<p><span class=\"padrao\">O Minist&eacute;rio das Comunica&ccedil;&otilde;es est&aacute; realizando testes com sistemas de transmiss&atilde;o de recep&ccedil;&atilde;o de r&aacute;dio digital para adotar um padr&atilde;o para o Brasil. A escolha do sistema vai levar em considera&ccedil;&atilde;o aspectos geogr&aacute;ficos e tamb&eacute;m socioecon&ocirc;micos. Foi o que afirmou o secret&aacute;rio-executivo do Minist&eacute;rio das Comunica&ccedil;&otilde;es, Cezar Alvarez, durante a abertura do Semin&aacute;rio de R&aacute;dio Digital, que ocorre hoje, em Bras&iacute;lia.<\/p>\n<p>&ldquo;Quando avaliarmos as op&ccedil;&otilde;es, teremos tamb&eacute;m de levar em considera&ccedil;&atilde;o os aspectos econ&ocirc;micos do padr&atilde;o, porque n&atilde;o podemos ter um equipamento que seja muito caro e se torne inacess&iacute;vel para a popula&ccedil;&atilde;o&rdquo;. Ele citou como exemplo os Estados Unidos, onde um aparelho receptor de r&aacute;dio digital custa pelo menos US$ 49, valor relativamente alto.<\/p>\n<p>Como uma das preocupa&ccedil;&otilde;es do MiniCom em rela&ccedil;&atilde;o &agrave; realiza&ccedil;&atilde;o dos testes &eacute; a quest&atilde;o geogr&aacute;fica no Brasil, os equipamentos passar&atilde;o por avalia&ccedil;&otilde;es em cidades com diferentes caracter&iacute;sticas de relevo, como Rio de Janeiro, S&atilde;o Paulo, Belo Horizonte e Bras&iacute;lia. A expectativa &eacute; que os testes na tecnologia DRM, de origem europeia, sejam finalizados at&eacute; mar&ccedil;o do pr&oacute;ximo ano. Tamb&eacute;m dever&atilde;o ser realizados testes com a tecnologia americana IBOC.<\/p>\n<p>Mas, ainda segundo o secret&aacute;rio-executivo do MiniCom, todas as avalia&ccedil;&otilde;es somente ser&atilde;o divulgadas depois de conclu&iacute;dos os testes com as variadas tecnologias. Ele informou que o objetivo &eacute; aplicar maior isen&ccedil;&atilde;o &agrave; testagem e evitar conflitos de interesses entre os propriet&aacute;rios dos padr&otilde;es a serem testados.<\/p>\n<p>Alvarez destacou a import&acirc;ncia do r&aacute;dio para pequenas cidades e tamb&eacute;m para regi&otilde;es mais afastadas. Ele citou o exemplo da Amaz&ocirc;nia, onde grande parte da popula&ccedil;&atilde;o obt&eacute;m informa&ccedil;&otilde;es sobre o que est&aacute; ocorrendo no pa&iacute;s e no mundo por meio das emissoras de r&aacute;dio. &ldquo;O r&aacute;dio &eacute; o meio de comunica&ccedil;&atilde;o por excel&ecirc;ncia, porque supera as fronteiras geogr&aacute;ficas e sociais&rdquo;, disse Alvarez.<\/p>\n<p>Cezar Alvarez afirmou aos participantes do semin&aacute;rio que poder&aacute; haver muitos ganhos com a migra&ccedil;&atilde;o do r&aacute;dio para a tecnologia digital. Al&eacute;m do som com melhor qualidade, tamb&eacute;m ser&aacute; poss&iacute;vel a cria&ccedil;&atilde;o de novos servi&ccedil;os e implementa&ccedil;&atilde;o de uma esp&eacute;cie de converg&ecirc;ncia com as demais m&iacute;dias.<\/p>\n<p>Participaram tamb&eacute;m da mesa de abertura do semin&aacute;rio o secret&aacute;rio de Servi&ccedil;os de Comunica&ccedil;&atilde;o Eletr&ocirc;nica do MiniCom, Genildo Lins; o assessor especial da Casa Civil da Presid&ecirc;ncia da Rep&uacute;blica, Andr&eacute; Barbosa; e o presidente da Subcomiss&atilde;o Especial de R&aacute;dio Digital da C&acirc;mara dos Deputados, deputado Sandro Alex.<\/p>\n<p><strong>Semin&aacute;rio<\/strong><\/p>\n<p>O Semin&aacute;rio de R&aacute;dio Digital est&aacute; sendo promovido durante o dia de hoje, em Bras&iacute;lia, pela Secretaria de Servi&ccedil;os de Comunica&ccedil;&atilde;o Eletr&ocirc;nica do Minist&eacute;rio das Comunica&ccedil;&otilde;es. O objetivo &eacute; reunir representantes da cadeia produtiva eletr&ocirc;nica, universidades e radiodifusores para debater aspectos como os padr&otilde;es existentes de r&aacute;dio digital, os modelos de neg&oacute;cio que surgem com a nova tecnologia e o impacto na gest&atilde;o das faixas de radiofreq&uuml;&ecirc;ncia. O evento ocorre no audit&oacute;rio do edif&iacute;cio-sede dos Correios.<\/span><\/p>\n<p>&nbsp;<\/p>\n","protected":false},"excerpt":{"rendered":"<p>O Minist&eacute;rio das Comunica&ccedil;&otilde;es est&aacute; realizando testes com sistemas de transmiss&atilde;o de recep&ccedil;&atilde;o de r&aacute;dio digital para adotar um padr&atilde;o para o Brasil. A escolha do sistema vai levar em considera&ccedil;&atilde;o aspectos geogr&aacute;ficos e tamb&eacute;m socioecon&ocirc;micos. Foi o que afirmou o secret&aacute;rio-executivo do Minist&eacute;rio das Comunica&ccedil;&otilde;es, Cezar Alvarez, durante a abertura do Semin&aacute;rio de R&aacute;dio &hellip; <a href=\"https:\/\/obscom.intervozes.org.br\/?p=26064\" class=\"more-link\">Continue lendo <span class=\"screen-reader-text\">Escolha do padr\u00e3o de r\u00e1dio digital vai considerar aspectos t\u00e9cnicos e econ\u00f4micos<\/span> <span class=\"meta-nav\">&rarr;<\/span><\/a><\/p>\n","protected":false},"author":1,"featured_media":0,"comment_status":"open","ping_status":"open","sticky":false,"template":"","format":"standard","meta":{"footnotes":""},"categories":[40],"tags":[601],"_links":{"self":[{"href":"https:\/\/obscom.intervozes.org.br\/index.php?rest_route=\/wp\/v2\/posts\/26064"}],"collection":[{"href":"https:\/\/obscom.intervozes.org.br\/index.php?rest_route=\/wp\/v2\/posts"}],"about":[{"href":"https:\/\/obscom.intervozes.org.br\/index.php?rest_route=\/wp\/v2\/types\/post"}],"author":[{"embeddable":true,"href":"https:\/\/obscom.intervozes.org.br\/index.php?rest_route=\/wp\/v2\/users\/1"}],"replies":[{"embeddable":true,"href":"https:\/\/obscom.intervozes.org.br\/index.php?rest_route=%2Fwp%2Fv2%2Fcomments&post=26064"}],"version-history":[{"count":0,"href":"https:\/\/obscom.intervozes.org.br\/index.php?rest_route=\/wp\/v2\/posts\/26064\/revisions"}],"wp:attachment":[{"href":"https:\/\/obscom.intervozes.org.br\/index.php?rest_route=%2Fwp%2Fv2%2Fmedia&parent=26064"}],"wp:term":[{"taxonomy":"category","embeddable":true,"href":"https:\/\/obscom.intervozes.org.br\/index.php?rest_route=%2Fwp%2Fv2%2Fcategories&post=26064"},{"taxonomy":"post_tag","embeddable":true,"href":"https:\/\/obscom.intervozes.org.br\/index.php?rest_route=%2Fwp%2Fv2%2Ftags&post=26064"}],"curies":[{"name":"wp","href":"https:\/\/api.w.org\/{rel}","templated":true}]}}