{"id":26058,"date":"2011-09-01T17:42:42","date_gmt":"2011-09-01T17:42:42","guid":{"rendered":"https:\/\/obscom.intervozes.org.br\/wordpress\/?p=26058"},"modified":"2011-09-01T17:42:42","modified_gmt":"2011-09-01T17:42:42","slug":"planejamento-do-governo-para-2012-2015-preve-r-117-bi-em-infraestrutura-de-comunicacao","status":"publish","type":"post","link":"https:\/\/obscom.intervozes.org.br\/?p=26058","title":{"rendered":"Planejamento do governo para 2012-2015 prev\u00ea R$ 11,7 bi em infraestrutura de comunica\u00e7\u00e3o"},"content":{"rendered":"<p><span class=\"padrao\">O Minist&eacute;rio do Planejamento divulgou nesta quarta, dia 31, o planejamento de investimentos do &quot;PPA 2012 &#8211; 2015 &#8211; Plano Mais Brasil&quot;, com metas de investimentos em infraestrutura e planejamento para setores estrat&eacute;gicos. A &aacute;rea de comunica&ccedil;&atilde;o ganhou espa&ccedil;o, sob a rubrica &quot; Comunica&ccedil;&otilde;es para o Desenvolvimento, a Inclus&atilde;o e a Democracia&quot;, cujo objetivo &eacute; investir at&eacute; 2015 R$ 11,7 bilh&otilde;es em a&ccedil;&otilde;es que visam &quot;expandir a infraestrutura e os servi&ccedil;os de comunica&ccedil;&atilde;o social eletr&ocirc;nica, telecomunica&ccedil;&otilde;es e servi&ccedil;os postais, promovendo o acesso pela popula&ccedil;&atilde;o e buscando as melhores condi&ccedil;&otilde;es de pre&ccedil;o, cobertura e qualidade&quot;, &quot;promover o uso de bens e servi&ccedil;os de comunica&ccedil;&otilde;es, com &ecirc;nfase nas aplica&ccedil;&otilde;es, servi&ccedil;os e conte&uacute;dos digitais criativos para potencializar o desenvolvimento econ&ocirc;mico e social do Pa&iacute;s&quot; e &quot;promover o desenvolvimento da cadeia produtiva brasileira das comunica&ccedil;&otilde;es e sua inser&ccedil;&atilde;o internacional a partir do fomento &agrave; pesquisa, desenvolvimento, inova&ccedil;&atilde;o e do est&iacute;mulo ao uso de bens e servi&ccedil;os com tecnologia nacional&quot;.<\/p>\n<p>As metas estabelecidas para este plano incluem os seguintes pontos:<br \/><\/span><\/p>\n<ul>\n<li><span class=\"padrao\">Chegar a 40 milh&otilde;es de domic&iacute;lios com Internet banda larga de qualidade por meio do Programa Nacional de Banda Larga (PNBL)<\/span><\/li>\n<li><span class=\"padrao\">Instalar Telefone de Uso P&uacute;blico (TUP) em todos os postos de sa&uacute;de p&uacute;blicos e escolas p&uacute;blicas, ambos localizados em &aacute;rea rural.<\/span><\/li>\n<li><span class=\"padrao\">Cobrir 91,5% da popula&ccedil;&atilde;o brasileira com o servi&ccedil;o de telefonia m&oacute;vel<\/span><\/li>\n<li><span class=\"padrao\">Atender todas as escolas p&uacute;blicas rurais com Internet banda larga<\/span><\/li>\n<li><span class=\"padrao\">Atender 100% dos distritos, com popula&ccedil;&atilde;o igual ou superior a 500 habitantes, com atendimento postal b&aacute;sico<\/span><\/li>\n<li><span class=\"padrao\">Ofertar banda larga fixa a 10 Mbps e m&oacute;vel em redes 4G nas cidades-sede da Copa das Confedera&ccedil;&otilde;es de 2013, da Copa do Mundo de 2014 e dos Jogos Ol&iacute;mpicos de 2016, bem como atender aos requisitos de qualidade necess&aacute;rios &agrave; realiza&ccedil;&atilde;o dos eventos<\/span><\/li>\n<li><span class=\"padrao\">Garantir que 70% da popula&ccedil;&atilde;o fa&ccedil;a uso da internet banda larga e discada (seja em casa, no trabalho, em telecentros), levando em considera&ccedil;&atilde;o desigualdades regionais e socioecon&ocirc;micas.<\/span><\/li>\n<li><span class=\"padrao\">Elevar para 70% a participa&ccedil;&atilde;o da produ&ccedil;&atilde;o nacional no mercado nacional de equipamentos e aparelhos de telecomunica&ccedil;&atilde;o.<\/span><\/li>\n<\/ul>\n<p>&nbsp;<\/p>\n<p><span class=\"padrao\">Os objetivos e o descritivo do PPA 2012-2015 est&atilde;o dispon&iacute;veis <a href=\"http:\/\/www.planejamento.gov.br\/noticia.asp?p=not&amp;cod=7571&amp;cat=155&amp;sec=10\" target=\"_blank\">no site do Minist&eacute;rio do Planejamento<\/a>.<\/span><\/p>\n<p>&nbsp;<\/p>\n","protected":false},"excerpt":{"rendered":"<p>O Minist&eacute;rio do Planejamento divulgou nesta quarta, dia 31, o planejamento de investimentos do &quot;PPA 2012 &#8211; 2015 &#8211; Plano Mais Brasil&quot;, com metas de investimentos em infraestrutura e planejamento para setores estrat&eacute;gicos. A &aacute;rea de comunica&ccedil;&atilde;o ganhou espa&ccedil;o, sob a rubrica &quot; Comunica&ccedil;&otilde;es para o Desenvolvimento, a Inclus&atilde;o e a Democracia&quot;, cujo objetivo &eacute; &hellip; <a href=\"https:\/\/obscom.intervozes.org.br\/?p=26058\" class=\"more-link\">Continue lendo <span class=\"screen-reader-text\">Planejamento do governo para 2012-2015 prev\u00ea R$ 11,7 bi em infraestrutura de comunica\u00e7\u00e3o<\/span> <span class=\"meta-nav\">&rarr;<\/span><\/a><\/p>\n","protected":false},"author":1,"featured_media":0,"comment_status":"open","ping_status":"open","sticky":false,"template":"","format":"standard","meta":{"footnotes":""},"categories":[40],"tags":[977],"_links":{"self":[{"href":"https:\/\/obscom.intervozes.org.br\/index.php?rest_route=\/wp\/v2\/posts\/26058"}],"collection":[{"href":"https:\/\/obscom.intervozes.org.br\/index.php?rest_route=\/wp\/v2\/posts"}],"about":[{"href":"https:\/\/obscom.intervozes.org.br\/index.php?rest_route=\/wp\/v2\/types\/post"}],"author":[{"embeddable":true,"href":"https:\/\/obscom.intervozes.org.br\/index.php?rest_route=\/wp\/v2\/users\/1"}],"replies":[{"embeddable":true,"href":"https:\/\/obscom.intervozes.org.br\/index.php?rest_route=%2Fwp%2Fv2%2Fcomments&post=26058"}],"version-history":[{"count":0,"href":"https:\/\/obscom.intervozes.org.br\/index.php?rest_route=\/wp\/v2\/posts\/26058\/revisions"}],"wp:attachment":[{"href":"https:\/\/obscom.intervozes.org.br\/index.php?rest_route=%2Fwp%2Fv2%2Fmedia&parent=26058"}],"wp:term":[{"taxonomy":"category","embeddable":true,"href":"https:\/\/obscom.intervozes.org.br\/index.php?rest_route=%2Fwp%2Fv2%2Fcategories&post=26058"},{"taxonomy":"post_tag","embeddable":true,"href":"https:\/\/obscom.intervozes.org.br\/index.php?rest_route=%2Fwp%2Fv2%2Ftags&post=26058"}],"curies":[{"name":"wp","href":"https:\/\/api.w.org\/{rel}","templated":true}]}}