{"id":26049,"date":"2011-08-31T16:10:40","date_gmt":"2011-08-31T16:10:40","guid":{"rendered":"https:\/\/obscom.intervozes.org.br\/wordpress\/?p=26049"},"modified":"2011-08-31T16:10:40","modified_gmt":"2011-08-31T16:10:40","slug":"isencoes-para-construcao-de-redes-tera-obrigacoes","status":"publish","type":"post","link":"https:\/\/obscom.intervozes.org.br\/?p=26049","title":{"rendered":"Isen\u00e7\u00f5es para constru\u00e7\u00e3o de redes ter\u00e1 obriga\u00e7\u00f5es"},"content":{"rendered":"<p><span class=\"padrao\">As medidas de desonera&ccedil;&atilde;o para constru&ccedil;&atilde;o de redes dever&atilde;o ser anunciadas na pr&oacute;xima semana e incluem desonera&ccedil;&atilde;o de PIS\/Cofins e de IPI para alguns equipamentos. A informa&ccedil;&atilde;o foi prestada pelo ministro das Comunica&ccedil;&otilde;es, Paulo Bernardo. Em audi&ecirc;ncia p&uacute;blica nesta quarta-feira (31), na Comiss&atilde;o de Ci&ecirc;ncia e Tecnologia (CNT) do Senado, que discutiu banda larga.<\/span><span class=\"padrao\"><\/p>\n<p>Segundo o ministro, os princ&iacute;pios foram fechados ontem, em reuni&atilde;o com a participa&ccedil;&atilde;o dos ministros da Fazenda, Guido Mantega, Desenvolvimento, Fernando Pimentel, e Ci&ecirc;ncia, Tecnologia e Inova&ccedil;&atilde;o , Aloizio Mercadante, mas ainda n&atilde;o sabe as medidas sair&atilde;o por meio de medida provis&oacute;ria ou por projeto de lei. A isen&ccedil;&atilde;o fiscal pode atingir at&eacute; R$ 4 bilh&otilde;es e ter&aacute; tempo determinado.<\/span><span class=\"padrao\"><\/p>\n<p>A principal novidade &eacute; de que as propostas de benef&iacute;cio para constru&ccedil;&atilde;o de redes ter&atilde;o que passar primeiro pelo crivo do Minist&eacute;rio das Comunica&ccedil;&otilde;es, que habilitar&aacute; ou n&atilde;o o pedido. Segundo o ministro, o sistema ser&aacute; semelhante ao que j&aacute; existe no de redes de energia, que &eacute; habilitado pelo Minist&eacute;rio de Minas e Energia.<\/span><span class=\"padrao\"><\/p>\n<p>O objetivo &eacute; obrigar as proponentes a fazerem investimentos tamb&eacute;m em &aacute;reas onde h&aacute; car&ecirc;ncia de infraestrutura e n&atilde;o apenas onde j&aacute; h&aacute; competi&ccedil;&atilde;o.&nbsp; Mesmo que as empresas n&atilde;o queiram explorar esses mercados. &ldquo;Para atender a um grande avan&ccedil;o de conex&otilde;es e as necessidades da Copa do Mundo e dos Jogos Ol&iacute;mpicos &eacute; preciso ter mais infraestrutura&rdquo;, disse.<\/span><span class=\"padrao\"><\/p>\n<p>Bernardo disse que a abertura do mercado de cabo, por meio da aprova&ccedil;&atilde;o do PLC 116\/2010 e a licita&ccedil;&atilde;o de quatro novas posi&ccedil;&otilde;es de sat&eacute;lites, realizada ontem pela Anatel, tamb&eacute;m contribuir&atilde;o para aumentar a infraestrutura no pa&iacute;s.<\/span><\/p>\n<p>&nbsp;<\/p>\n","protected":false},"excerpt":{"rendered":"<p>As medidas de desonera&ccedil;&atilde;o para constru&ccedil;&atilde;o de redes dever&atilde;o ser anunciadas na pr&oacute;xima semana e incluem desonera&ccedil;&atilde;o de PIS\/Cofins e de IPI para alguns equipamentos. A informa&ccedil;&atilde;o foi prestada pelo ministro das Comunica&ccedil;&otilde;es, Paulo Bernardo. Em audi&ecirc;ncia p&uacute;blica nesta quarta-feira (31), na Comiss&atilde;o de Ci&ecirc;ncia e Tecnologia (CNT) do Senado, que discutiu banda larga. Segundo &hellip; <a href=\"https:\/\/obscom.intervozes.org.br\/?p=26049\" class=\"more-link\">Continue lendo <span class=\"screen-reader-text\">Isen\u00e7\u00f5es para constru\u00e7\u00e3o de redes ter\u00e1 obriga\u00e7\u00f5es<\/span> <span class=\"meta-nav\">&rarr;<\/span><\/a><\/p>\n","protected":false},"author":1,"featured_media":0,"comment_status":"open","ping_status":"open","sticky":false,"template":"","format":"standard","meta":{"footnotes":""},"categories":[40],"tags":[1072],"_links":{"self":[{"href":"https:\/\/obscom.intervozes.org.br\/index.php?rest_route=\/wp\/v2\/posts\/26049"}],"collection":[{"href":"https:\/\/obscom.intervozes.org.br\/index.php?rest_route=\/wp\/v2\/posts"}],"about":[{"href":"https:\/\/obscom.intervozes.org.br\/index.php?rest_route=\/wp\/v2\/types\/post"}],"author":[{"embeddable":true,"href":"https:\/\/obscom.intervozes.org.br\/index.php?rest_route=\/wp\/v2\/users\/1"}],"replies":[{"embeddable":true,"href":"https:\/\/obscom.intervozes.org.br\/index.php?rest_route=%2Fwp%2Fv2%2Fcomments&post=26049"}],"version-history":[{"count":0,"href":"https:\/\/obscom.intervozes.org.br\/index.php?rest_route=\/wp\/v2\/posts\/26049\/revisions"}],"wp:attachment":[{"href":"https:\/\/obscom.intervozes.org.br\/index.php?rest_route=%2Fwp%2Fv2%2Fmedia&parent=26049"}],"wp:term":[{"taxonomy":"category","embeddable":true,"href":"https:\/\/obscom.intervozes.org.br\/index.php?rest_route=%2Fwp%2Fv2%2Fcategories&post=26049"},{"taxonomy":"post_tag","embeddable":true,"href":"https:\/\/obscom.intervozes.org.br\/index.php?rest_route=%2Fwp%2Fv2%2Ftags&post=26049"}],"curies":[{"name":"wp","href":"https:\/\/api.w.org\/{rel}","templated":true}]}}