{"id":26047,"date":"2011-08-31T15:51:01","date_gmt":"2011-08-31T15:51:01","guid":{"rendered":"https:\/\/obscom.intervozes.org.br\/wordpress\/?p=26047"},"modified":"2011-08-31T15:51:01","modified_gmt":"2011-08-31T15:51:01","slug":"banda-larga-chegara-a-40-milhoes-de-domicilios-ate-2014-preve-paulo-bernardo","status":"publish","type":"post","link":"https:\/\/obscom.intervozes.org.br\/?p=26047","title":{"rendered":"Banda larga chegar\u00e1 a 40 milh\u00f5es de domic\u00edlios at\u00e9 2014, prev\u00ea Paulo Bernardo"},"content":{"rendered":"<p><span class=\"padrao\">At&eacute; o final de 2014, 40 milh&otilde;es de domic&iacute;lios brasileiros ter&atilde;o acesso &agrave; Internet de alta velocidade. A previs&atilde;o foi feita nesta quarta-feira (31) pelo ministro das Comunica&ccedil;&otilde;es, Paulo Bernardo, durante audi&ecirc;ncia p&uacute;blica sobre o Programa Nacional de Banda Larga (PNBL) promovida pela Comiss&atilde;o de Ci&ecirc;ncia, Tecnologia, Inova&ccedil;&atilde;o, Comunica&ccedil;&atilde;o e Inform&aacute;tica (CCT). O autor do requerimento para a realiza&ccedil;&atilde;o da audi&ecirc;ncia foi o senador Eduardo Braga (PMDB-AM), presidente da comiss&atilde;o.<\/p>\n<p>Segundo detalhou o ministro aos senadores, o acesso &agrave; internet dever&aacute; ser oferecido no PNBL &agrave; velocidade m&iacute;nima de 1 Mbps e ao pre&ccedil;o de R$ 35, inclu&iacute;dos os tributos, ou a R$ 29,90 sem tributos. A internet de alta velocidade dever&aacute; alcan&ccedil;ar todas as sedes municipais progressivamente at&eacute; 2014. E j&aacute; em dezembro deste ano estar&atilde;o atendidos 543 munic&iacute;pios distribu&iacute;dos por 25 estados.<\/p>\n<p>&#8211; O programa vai democratizar o acesso &agrave; informa&ccedil;&atilde;o. Vamos tornar a internet acess&iacute;vel &agrave;s camadas mais populares &#8211; disse Bernardo, lembrando que a meta do plano &eacute; mais que dobrar o n&uacute;mero de domic&iacute;lios atendidos at&eacute; 2010.<\/p>\n<p>Reativada pelo governo, a Telebr&aacute;s projeta ter uma rede de mais de 30 mil quil&ocirc;metros de fibras &oacute;ticas at&eacute; 2014, informou o ministro. As fibras, que ser&atilde;o instaladas em redes do sistema el&eacute;trico nacional, alcan&ccedil;ar&atilde;o mais de 4 mil munic&iacute;pios dentro de tr&ecirc;s anos. O ministro disse ainda ser &quot;cauteloso&quot; em rela&ccedil;&atilde;o &agrave;s previs&otilde;es de velocidade e pre&ccedil;o. A velocidade prometida, de 1 Mbps, poder&aacute; j&aacute; ser muito pequena dentro de cinco anos, em sua opini&atilde;o. Por sua vez, os pre&ccedil;os a serem cobrados poder&atilde;o cair por meio da competi&ccedil;&atilde;o.<\/p>\n<p><strong>Amaz&ocirc;nia<\/strong><\/p>\n<p>Ao abrir a reuni&atilde;o, Eduardo Braga lembrou a realiza&ccedil;&atilde;o, na v&eacute;spera, de um bem sucedido leil&atilde;o de posi&ccedil;&otilde;es de sat&eacute;lites de comunica&ccedil;&otilde;es e perguntou se os sat&eacute;lites beneficiariam a amplia&ccedil;&atilde;o da banda larga na Amaz&ocirc;nia. Em resposta, o ministro informou que haver&aacute; transponders dos novos sat&eacute;lites voltados &agrave; Amaz&ocirc;nia, garantindo sinais &quot;mais fortes&quot; para a regi&atilde;o. Ele disse ainda que o governo est&aacute; antecipando metas de implanta&ccedil;&atilde;o do programa na Amaz&ocirc;nia. A rede de fibras &oacute;ticas que unir&aacute; Tucuru&iacute; (PA) a Manaus (AM), por exemplo, j&aacute; estar&aacute; funcionando em julho de 2012.<\/p>\n<p>Dentro de duas semanas, como antecipou o presidente da comiss&atilde;o, o ministro ter&aacute; uma reuni&atilde;o executiva com as bancadas dos estados amaz&ocirc;nicos para tratar do tema da implanta&ccedil;&atilde;o da banda larga na regi&atilde;o. O senador Anibal Diniz (PT-AC) elogiou a iniciativa, uma vez que, a seu ver, um modelo de sustentabilidade para a Amaz&ocirc;nia tem que incluir &quot;comunica&ccedil;&otilde;es de alta efici&ecirc;ncia&quot;.<\/p>\n<p>A senadora &Acirc;ngela Portela (PT-RR) elogiou o conv&ecirc;nio firmado entre a Telebr&aacute;s e a Eletronorte para compartilhamento de infraestrutura na regi&atilde;o e para a populariza&ccedil;&atilde;o da banda larga.O senador Flexa Ribeiro (PSDB-PA) lembrou, por sua vez, que a telefonia m&oacute;vel ainda n&atilde;o chegou a todos os munic&iacute;pios da Amaz&ocirc;nia.<\/p>\n<p>O senador Eduardo Suplicy (PT-SP) questionou o ministro sobre a implanta&ccedil;&atilde;o de internet r&aacute;pida nas escolas. Segundo Paulo Bernardo, as escolas rurais dever&atilde;o ser atendidas por meio da frequ&ecirc;ncia de 450 MHz, que ser&aacute; licitada.<\/span><\/p>\n","protected":false},"excerpt":{"rendered":"<p>At&eacute; o final de 2014, 40 milh&otilde;es de domic&iacute;lios brasileiros ter&atilde;o acesso &agrave; Internet de alta velocidade. A previs&atilde;o foi feita nesta quarta-feira (31) pelo ministro das Comunica&ccedil;&otilde;es, Paulo Bernardo, durante audi&ecirc;ncia p&uacute;blica sobre o Programa Nacional de Banda Larga (PNBL) promovida pela Comiss&atilde;o de Ci&ecirc;ncia, Tecnologia, Inova&ccedil;&atilde;o, Comunica&ccedil;&atilde;o e Inform&aacute;tica (CCT). O autor do &hellip; <a href=\"https:\/\/obscom.intervozes.org.br\/?p=26047\" class=\"more-link\">Continue lendo <span class=\"screen-reader-text\">Banda larga chegar\u00e1 a 40 milh\u00f5es de domic\u00edlios at\u00e9 2014, prev\u00ea Paulo Bernardo<\/span> <span class=\"meta-nav\">&rarr;<\/span><\/a><\/p>\n","protected":false},"author":1,"featured_media":0,"comment_status":"open","ping_status":"open","sticky":false,"template":"","format":"standard","meta":{"footnotes":""},"categories":[40],"tags":[1123],"_links":{"self":[{"href":"https:\/\/obscom.intervozes.org.br\/index.php?rest_route=\/wp\/v2\/posts\/26047"}],"collection":[{"href":"https:\/\/obscom.intervozes.org.br\/index.php?rest_route=\/wp\/v2\/posts"}],"about":[{"href":"https:\/\/obscom.intervozes.org.br\/index.php?rest_route=\/wp\/v2\/types\/post"}],"author":[{"embeddable":true,"href":"https:\/\/obscom.intervozes.org.br\/index.php?rest_route=\/wp\/v2\/users\/1"}],"replies":[{"embeddable":true,"href":"https:\/\/obscom.intervozes.org.br\/index.php?rest_route=%2Fwp%2Fv2%2Fcomments&post=26047"}],"version-history":[{"count":0,"href":"https:\/\/obscom.intervozes.org.br\/index.php?rest_route=\/wp\/v2\/posts\/26047\/revisions"}],"wp:attachment":[{"href":"https:\/\/obscom.intervozes.org.br\/index.php?rest_route=%2Fwp%2Fv2%2Fmedia&parent=26047"}],"wp:term":[{"taxonomy":"category","embeddable":true,"href":"https:\/\/obscom.intervozes.org.br\/index.php?rest_route=%2Fwp%2Fv2%2Fcategories&post=26047"},{"taxonomy":"post_tag","embeddable":true,"href":"https:\/\/obscom.intervozes.org.br\/index.php?rest_route=%2Fwp%2Fv2%2Ftags&post=26047"}],"curies":[{"name":"wp","href":"https:\/\/api.w.org\/{rel}","templated":true}]}}