{"id":26044,"date":"2011-08-30T15:14:00","date_gmt":"2011-08-30T15:14:00","guid":{"rendered":"https:\/\/obscom.intervozes.org.br\/wordpress\/?p=26044"},"modified":"2011-08-30T15:14:00","modified_gmt":"2011-08-30T15:14:00","slug":"regulacao-de-tv-por-assinatura-uma-vitoria","status":"publish","type":"post","link":"https:\/\/obscom.intervozes.org.br\/?p=26044","title":{"rendered":"Regula\u00e7\u00e3o de TV por assinatura: uma vit\u00f3ria"},"content":{"rendered":"<p><span class=\"padrao\">Valoriza&ccedil;&atilde;o e incentivo &agrave; produ&ccedil;&atilde;o nacional e maior competi&ccedil;&atilde;o na &aacute;rea de telecomunica&ccedil;&otilde;es. Esses s&atilde;o dois efeitos fundamentais esperados para o mercado brasileiro nos pr&oacute;ximos anos, por conta da aprova&ccedil;&atilde;o no Congresso Nacional do PL 116\/2010, que regula o setor de TV por assinatura. Trata-se de uma grande vit&oacute;ria, marcada pelo car&aacute;ter democr&aacute;tico do debate na tramita&ccedil;&atilde;o da lei.<\/p>\n<p>A &uacute;ltima etapa do projeto foi a aprova&ccedil;&atilde;o pelo Senado do texto, que passou por ampla discuss&atilde;o nos &uacute;ltimos quatro anos. Nesse per&iacute;odo, participaram do debate os diversos atores pol&iacute;ticos envolvidos: operadoras de telecom, operadoras de TV por assinatura nacionais e estrangeiras, radiodifusores e produtores independentes de conte&uacute;do.<\/p>\n<p>Os principais &ecirc;xitos do projeto s&atilde;o: 1. O estabelecimento de cotas de conte&uacute;do nacional; 2. A separa&ccedil;&atilde;o clara entre as atividades de produ&ccedil;&atilde;o, programa&ccedil;&atilde;o, empacotamento e distribui&ccedil;&atilde;o do conte&uacute;do televisivo; 3. A abertura ao capital estrangeiro no ramo de distribui&ccedil;&atilde;o do conte&uacute;do; e, 4. A elimina&ccedil;&atilde;o das restri&ccedil;&otilde;es de converg&ecirc;ncia tecnol&oacute;gica, unificando a regulamenta&ccedil;&atilde;o de TV por assinatura.<\/p>\n<p>As legisla&ccedil;&otilde;es anteriores (C&oacute;digo de 1962, a Lei do Cabo de 1995 e a LGT de 1997) n&atilde;o atendiam &agrave;s evolu&ccedil;&otilde;es que o setor experimentou nos &uacute;ltimos anos e criavam diferencia&ccedil;&otilde;es para o meio de transmiss&atilde;o. Mas o novo marco legal &eacute; um s&oacute; para as transmiss&otilde;es via sat&eacute;lite, cabo ou microondas.<\/p>\n<p>A entrada das teles estrangeiras no mercado de distribui&ccedil;&atilde;o dos servi&ccedil;os de TV a cabo &eacute; extremamente positiva para arejar o setor e permitir maior competi&ccedil;&atilde;o. A preocupa&ccedil;&atilde;o com a preserva&ccedil;&atilde;o do capital nacional foi respeitada, pois o PL 116\/2010, al&eacute;m de impedir que uma mesma empresa produza e transmita o conte&uacute;do, institui cotas de produ&ccedil;&atilde;o nacional na programa&ccedil;&atilde;o a ser veiculada. E essa cota deve ser atendida por todas as empresas, sejam nacionais ou estrangeiras.<\/p>\n<p>Pela nova lei, ser&aacute; obrigat&oacute;ria a transmiss&atilde;o de tr&ecirc;s horas e meia de conte&uacute;do nacional nos canais de filmes, s&eacute;ries e document&aacute;rios, em hor&aacute;rio nobre. Al&eacute;m disso, metade deste conte&uacute;do deve ser gerada por produtores independentes brasileiros. Essa reivindica&ccedil;&atilde;o dos movimentos sociais que participaram da 1&ordf; Confecom (Confer&ecirc;ncia Nacional de Comunica&ccedil;&atilde;o) ter&aacute; como resultado incentivar a produ&ccedil;&atilde;o cultural brasileira.<\/p>\n<p>H&aacute; expectativa tamb&eacute;m de que, com maior competitividade no setor, a extens&atilde;o da cobertura das redes de TV a cabo para todo o pa&iacute;s se d&ecirc; com maior celeridade. Al&eacute;m disso, espera-se por uma amplia&ccedil;&atilde;o dos pacotes das teles (banda larga, telefone e TV a cabo) e por maior efici&ecirc;ncia das teles que usar&atilde;o o mesmo cabo para v&aacute;rios servi&ccedil;os, barateando os custos de cada servi&ccedil;o. Esse efeito positivo ainda se estender&aacute; ao aumento da oferta de banda larga, j&aacute; que a remunera&ccedil;&atilde;o da expans&atilde;o da rede ser&aacute; mais atraente aos prestadores do servi&ccedil;o.<\/p>\n<p>&Eacute; claro que haver&aacute; cr&iacute;ticas ao novo marco legal, porque ele n&atilde;o &eacute; perfeito e nem tem a pretens&atilde;o de ser. &Eacute; um primeiro passo no aperfei&ccedil;oamento desse setor important&iacute;ssimo. Mas n&atilde;o podemos concordar com algumas cr&iacute;ticas, como a de que a Ancine (Ag&ecirc;ncia Nacional de Cinema) tornou-se muito poderosa &mdash;na oposi&ccedil;&atilde;o, h&aacute; quem ameace um questionamento no STF (Supremo Tribunal Federal). Ora, a Ancine ter&aacute; a responsabilidade apenas de fiscalizar o cumprimento das exig&ecirc;ncias de cota, n&atilde;o interferindo, portanto, no conte&uacute;do veiculado. Assim, cabe aos consumidores decidirem se o conte&uacute;do &eacute; bom ou ruim, mas cabe &agrave; Ancine garantir que a programa&ccedil;&atilde;o tenha o espa&ccedil;o determinado pela lei.<\/p>\n<p>O mesmo vale para o percentual de conte&uacute;do nacional definido. Em muitos pa&iacute;ses da Europa, essa cota de produ&ccedil;&atilde;o nacional &eacute; de 50% da programa&ccedil;&atilde;o. As tr&ecirc;s horas e meia exigidas aqui parecem pouco diante da realidade europeia, mas com o incremento da produ&ccedil;&atilde;o nacional que a nova lei deve trazer, pode-se ampliar esse percentual. Nesse sentido, a determina&ccedil;&atilde;o de disponibilizar para o assinante um canal brasileiro a cada tr&ecirc;s canais ofertados complementa o esfor&ccedil;o de valoriza&ccedil;&atilde;o da nossa produ&ccedil;&atilde;o.<\/p>\n<p>A vit&oacute;ria da aprova&ccedil;&atilde;o do PL 116 tem a marca do ex-deputado federal Jorge Bittar (PT-RJ), relator na C&acirc;mara, e do senador Walter Pinheiro (PT-BA), relator no plen&aacute;rio do Senado. O pr&oacute;ximo passo &eacute; aprovar uma regula&ccedil;&atilde;o de m&iacute;dia no Brasil, avan&ccedil;o iniciado pelo ex-ministro Franklin Martins e que est&aacute; sob an&aacute;lise do ministro Paulo Bernardo (Comunica&ccedil;&otilde;es).<\/p>\n<p>Sabemos que a regula&ccedil;&atilde;o da m&iacute;dia deve ser negociada com toda sociedade, a come&ccedil;ar pelos meios de comunica&ccedil;&atilde;o. Esse di&aacute;logo deve se estender, ainda, aos grupos organizados nas redes sociais, aos sindicatos e aos movimentos sociais, aos empres&aacute;rios, ao meio cultural e intelectual, &agrave; universidade e &agrave;s ONGs. Como foi feito com o PL 116, a regula&ccedil;&atilde;o de m&iacute;dia s&oacute; ser&aacute; bem sucedida se passar por um processo democr&aacute;tico de debate. Mas esse &eacute; um assunto para uma outra coluna.<\/span><\/p>\n<p>&nbsp;<\/p>\n<p><em><span class=\"padrao\">* <strong>Jos&eacute; Dirceu<\/strong> &eacute; advogado, ex-ministro da Casa Civil e membro do Diret&oacute;rio Nacional do PT<\/span><\/em><\/p>\n","protected":false},"excerpt":{"rendered":"<p>A regula&ccedil;&atilde;o da m&iacute;dia deve ser negociada com toda sociedade, a come&ccedil;ar pelos meios de comunica&ccedil;&atilde;o<\/p>\n","protected":false},"author":1,"featured_media":0,"comment_status":"open","ping_status":"open","sticky":false,"template":"","format":"standard","meta":{"footnotes":""},"categories":[42],"tags":[1572],"_links":{"self":[{"href":"https:\/\/obscom.intervozes.org.br\/index.php?rest_route=\/wp\/v2\/posts\/26044"}],"collection":[{"href":"https:\/\/obscom.intervozes.org.br\/index.php?rest_route=\/wp\/v2\/posts"}],"about":[{"href":"https:\/\/obscom.intervozes.org.br\/index.php?rest_route=\/wp\/v2\/types\/post"}],"author":[{"embeddable":true,"href":"https:\/\/obscom.intervozes.org.br\/index.php?rest_route=\/wp\/v2\/users\/1"}],"replies":[{"embeddable":true,"href":"https:\/\/obscom.intervozes.org.br\/index.php?rest_route=%2Fwp%2Fv2%2Fcomments&post=26044"}],"version-history":[{"count":0,"href":"https:\/\/obscom.intervozes.org.br\/index.php?rest_route=\/wp\/v2\/posts\/26044\/revisions"}],"wp:attachment":[{"href":"https:\/\/obscom.intervozes.org.br\/index.php?rest_route=%2Fwp%2Fv2%2Fmedia&parent=26044"}],"wp:term":[{"taxonomy":"category","embeddable":true,"href":"https:\/\/obscom.intervozes.org.br\/index.php?rest_route=%2Fwp%2Fv2%2Fcategories&post=26044"},{"taxonomy":"post_tag","embeddable":true,"href":"https:\/\/obscom.intervozes.org.br\/index.php?rest_route=%2Fwp%2Fv2%2Ftags&post=26044"}],"curies":[{"name":"wp","href":"https:\/\/api.w.org\/{rel}","templated":true}]}}