{"id":26013,"date":"2011-08-24T11:50:39","date_gmt":"2011-08-24T11:50:39","guid":{"rendered":"https:\/\/obscom.intervozes.org.br\/wordpress\/?p=26013"},"modified":"2011-08-24T11:50:39","modified_gmt":"2011-08-24T11:50:39","slug":"anatel-as-teles-regras-sao-necessarias-porque-falta-competicao","status":"publish","type":"post","link":"https:\/\/obscom.intervozes.org.br\/?p=26013","title":{"rendered":"Anatel \u00e0s teles: Regras s\u00e3o necess\u00e1rias porque falta competi\u00e7\u00e3o"},"content":{"rendered":"\n<p class=\"padrao\">Criticada pela ado&ccedil;&atilde;o de par&acirc;metros de qualidade objetivos nos acessos &agrave; internet, a Anatel reagiu aos discursos das operadoras e disparou que o mercado isoladamente n&atilde;o resolver&aacute; a quest&atilde;o justamente porque falta competi&ccedil;&atilde;o. <\/p>\n<p>&ldquo;Se o mercado por si s&oacute; pudesse resolver a quest&atilde;o da qualidade, n&atilde;o precisar&iacute;amos ter essa discuss&atilde;o. Acontece que n&atilde;o temos competi&ccedil;&atilde;o efetiva no setor de telecomunica&ccedil;&otilde;es e temos problemas de qualidade mesmo naqueles segmentos com maior press&atilde;o de concorr&ecirc;ncia&rdquo;, afirmou o gerente de regulamenta&ccedil;&atilde;o da Superintend&ecirc;ncia de Servi&ccedil;os Privados, F&aacute;bio Mandarino. <\/p>\n<p>Foi uma resposta direta &agrave;s alega&ccedil;&otilde;es das teles de que pa&iacute;ses da Europa ou os Estados Unidos n&atilde;o adotaram par&acirc;metros espec&iacute;ficos &#8211; que no caso brasileiro &eacute; a proposta de que seja garantida a velocidade m&eacute;dia m&iacute;nima de 60% daquilo que foi contratado. <\/p>\n<p>As empresas alinharam posi&ccedil;&atilde;o contra a defini&ccedil;&atilde;o do crit&eacute;rio, ao ponto de tecerem considera&ccedil;&otilde;es duvidosas sobre o uso da internet pelos consumidores e amea&ccedil;arem redu&ccedil;&atilde;o de investimentos e aumento nos pre&ccedil;os cobrados pelo servi&ccedil;o. <\/p>\n<p>Por exemplo, foi sugerido que clientes de baixa renda n&atilde;o usam a internet para baixar m&uacute;sicas ou v&iacute;deos e que, portanto, estariam indiretamente subsidiando os clientes ricos que fazem tal uso da rede mundial. Em suma, acreditam que pobres s&oacute; querem ler e-mails. <\/p>\n<p>&ldquo;Obrigar investimentos para aumento de velocidade indiscriminadamente gerar&aacute; distor&ccedil;&otilde;es e o incremento dos pre&ccedil;os ao consumidor&rdquo;, alegou o gerente de processos normativos da Oi, Luiz Catarcione. <\/p>\n<p>Outra consequ&ecirc;ncia citada seria at&eacute; bem-vinda: as teles acreditam que a vingar a metodologia proposta, ser&aacute; necess&aacute;rio fazer adequa&ccedil;&otilde;es nas ofertas, com redu&ccedil;&atilde;o das velocidades nominais constantes dos pacotes. <\/p>\n<p><strong>Teles criticam software <\/strong><\/p>\n<p class=\"padrao\">Mas a principal tecla das diferentes interven&ccedil;&otilde;es das teles &eacute; contra o sistema de medi&ccedil;&atilde;o de velocidade, que pelo regulamento ser&aacute; feita com a disponibiliza&ccedil;&atilde;o, gratuita, de programas que fa&ccedil;am isso a todos os consumidores. <\/p>\n<p class=\"padrao\">&nbsp;<\/p>\n<p class=\"padrao\">Segundo as empresas, isso implica na generaliza&ccedil;&atilde;o do estudo feito pelo Inmetro, CGI e Anatel &#8211; que baseou os crit&eacute;rios propostos &#8211; mas em condi&ccedil;&otilde;es diversas. Na pr&aacute;tica, argumentam que aquele estudo foi realizado em ambiente controlado, com minimiza&ccedil;&atilde;o de poss&iacute;veis impactos adversos dos equipamentos dos clientes. <\/p>\n<p class=\"padrao\">&nbsp;<\/p>\n<p class=\"padrao\">Nesse ponto, a ag&ecirc;ncia at&eacute; sinalizou que sugest&otilde;es de aprimoramento da metodologia de medi&ccedil;&atilde;o s&atilde;o bem vindas. Mas insistiu que &eacute; importante que os clientes possuam algum instrumento de aferi&ccedil;&atilde;o da qualidade de suas conex&otilde;es. <\/p>\n<p class=\"padrao\">&nbsp;<\/p>\n<p class=\"padrao\">E, afinal, lembrou que &eacute; comum que medidas regulat&oacute;rias tenham algum impacto nas opera&ccedil;&otilde;es. &ldquo;Qualquer regulamento tem impacto t&eacute;cnico e econ&ocirc;mico e &eacute; natural que melhorar a qualidade implique em algum investimento&rdquo;, concluiu o gerente da SPV. <\/p>\n<p class=\"western\">&nbsp;<\/p>\n","protected":false},"excerpt":{"rendered":"<p>Criticada pela ado&ccedil;&atilde;o de par&acirc;metros de qualidade objetivos nos acessos &agrave; internet, a Anatel reagiu aos discursos das operadoras e disparou que o mercado isoladamente n&atilde;o resolver&aacute; a quest&atilde;o justamente porque falta competi&ccedil;&atilde;o. &ldquo;Se o mercado por si s&oacute; pudesse resolver a quest&atilde;o da qualidade, n&atilde;o precisar&iacute;amos ter essa discuss&atilde;o. Acontece que n&atilde;o temos competi&ccedil;&atilde;o &hellip; <a href=\"https:\/\/obscom.intervozes.org.br\/?p=26013\" class=\"more-link\">Continue lendo <span class=\"screen-reader-text\">Anatel \u00e0s teles: Regras s\u00e3o necess\u00e1rias porque falta competi\u00e7\u00e3o<\/span> <span class=\"meta-nav\">&rarr;<\/span><\/a><\/p>\n","protected":false},"author":1,"featured_media":0,"comment_status":"open","ping_status":"open","sticky":false,"template":"","format":"standard","meta":{"footnotes":""},"categories":[40],"tags":[150],"_links":{"self":[{"href":"https:\/\/obscom.intervozes.org.br\/index.php?rest_route=\/wp\/v2\/posts\/26013"}],"collection":[{"href":"https:\/\/obscom.intervozes.org.br\/index.php?rest_route=\/wp\/v2\/posts"}],"about":[{"href":"https:\/\/obscom.intervozes.org.br\/index.php?rest_route=\/wp\/v2\/types\/post"}],"author":[{"embeddable":true,"href":"https:\/\/obscom.intervozes.org.br\/index.php?rest_route=\/wp\/v2\/users\/1"}],"replies":[{"embeddable":true,"href":"https:\/\/obscom.intervozes.org.br\/index.php?rest_route=%2Fwp%2Fv2%2Fcomments&post=26013"}],"version-history":[{"count":0,"href":"https:\/\/obscom.intervozes.org.br\/index.php?rest_route=\/wp\/v2\/posts\/26013\/revisions"}],"wp:attachment":[{"href":"https:\/\/obscom.intervozes.org.br\/index.php?rest_route=%2Fwp%2Fv2%2Fmedia&parent=26013"}],"wp:term":[{"taxonomy":"category","embeddable":true,"href":"https:\/\/obscom.intervozes.org.br\/index.php?rest_route=%2Fwp%2Fv2%2Fcategories&post=26013"},{"taxonomy":"post_tag","embeddable":true,"href":"https:\/\/obscom.intervozes.org.br\/index.php?rest_route=%2Fwp%2Fv2%2Ftags&post=26013"}],"curies":[{"name":"wp","href":"https:\/\/api.w.org\/{rel}","templated":true}]}}