{"id":26002,"date":"2011-08-22T17:05:14","date_gmt":"2011-08-22T17:05:14","guid":{"rendered":"https:\/\/obscom.intervozes.org.br\/wordpress\/?p=26002"},"modified":"2011-08-22T17:05:14","modified_gmt":"2011-08-22T17:05:14","slug":"tres-nomes-sao-cotados-para-presidir-a-empresa-brasil-de-comunicacao","status":"publish","type":"post","link":"https:\/\/obscom.intervozes.org.br\/?p=26002","title":{"rendered":"Tr\u00eas nomes s\u00e3o cotados para presidir a Empresa Brasil de Comunica\u00e7\u00e3o"},"content":{"rendered":"<p><span class=\"padrao\">Em 31 de outubro deste ano se encerra o mandato da jornalista Tereza Cruvinel &agrave; frente da Empresa Brasil de Comunica&ccedil;&atilde;o (EBC). &Eacute; permitida por lei a recondu&ccedil;&atilde;o por mais quatro anos da atual presidente, por&eacute;m, novos nomes apareceram no cen&aacute;rio e a disputa pelo cargo parece estar em aberto. Al&eacute;m da pr&oacute;pria Tereza, est&atilde;o cotados o professor de Comunica&ccedil;&atilde;o da Universidade de Bras&iacute;lia (UnB) Murilo C&eacute;sar Ramos e o superintendente de Comunica&ccedil;&atilde;o Multim&iacute;dia da EBC, Nelson Breve.<\/p>\n<p>O nome do professor Murilo Ramos &eacute; bem recebido por v&aacute;rios membros do Conselho Curador da empresa, &oacute;rg&atilde;o do qual tamb&eacute;m faz parte. Segundo apurou este <strong><em>Observat&oacute;rio<\/em><\/strong>, o perfil acad&ecirc;mico de Ramos conta pontos em seu favor. Ele tamb&eacute;m tem um bom tr&acirc;nsito no Governo Federal. Tanto que durante a constru&ccedil;&atilde;o do projeto do novo marco legal para as comunica&ccedil;&otilde;es, o professor foi convidado a dar contribui&ccedil;&otilde;es para a Comiss&atilde;o Interministerial coordenada pelo ent&atilde;o ministro da Secretaria de Comunica&ccedil;&atilde;o do governo Lula, Franklin Martins.<\/p>\n<p>Em viagem aos Estados Unidos para seu p&oacute;s-doutorado, Murilo Ramos preferiu n&atilde;o comentar o assunto. Apesar de seu nome ter o apoio de conselheiros da EBC, o Conselho n&atilde;o deve formalizar prefer&ecirc;ncia por ningu&eacute;m e nem se manifestar sobre o tema. A presidente do &oacute;rg&atilde;o, Ima C&eacute;lia Guimar&atilde;es Vieira, tinha uma proposta em como lidar com a sucess&atilde;o na dire&ccedil;&atilde;o da empresa, mas n&atilde;o chegou a apresent&aacute;-la na &uacute;ltima reuni&atilde;o do Conselho, realizada em 17 de agosto, por falta de qu&oacute;rum para delibera&ccedil;&atilde;o.<\/p>\n<p>Embora a prerrogativa da escolha do diretor-presidente da EBC caiba apenas ao Presidente da Rep&uacute;blica, Ima Vieira gostaria de ampliar o processo, criando uma comiss&atilde;o que apresentaria uma lista tr&iacute;plice de indicados &agrave; Dilma Rousseff. &ldquo;O Conselho provavelmente n&atilde;o vai se manifestar sobre o assunto&rdquo;, afirmou Ima.<\/p>\n<p>Outro forte candidato &agrave; vaga &eacute; o jornalista e superintendente da EBC Nelson Breve. Ele j&aacute; atuou em diversos jornais de grande circula&ccedil;&atilde;o do pa&iacute;s, mas sua trajet&oacute;ria recente est&aacute; ligada ao Executivo. Durante os quatro anos do governo Lula, Breve foi assessor de Imprensa da presid&ecirc;ncia. S&oacute; saiu da fun&ccedil;&atilde;o para ocupar o atual cargo na EBC. Ele tamb&eacute;m j&aacute; assessorou a Confedera&ccedil;&atilde;o Nacional da Ind&uacute;stria e o ex-deputado petista Jos&eacute; Dirceu.<\/p>\n<p>Segundo apontam algumas fontes, Nelson seria o candidato da prefer&ecirc;ncia do ex-ministro Franklin Martins, com quem trabalhou no governo Lula. Apesar de n&atilde;o estar mais no governo, Martins conta com prest&iacute;gio dentro do planalto. O superintendente da EBC garantiu que n&atilde;o est&aacute; pensando nessa possibilidade. &ldquo;A Dilma possivelmente vai querer a recondu&ccedil;&atilde;o da Tereza (Cruvinel)&rdquo;, opinou.<\/p>\n<p>Tamb&eacute;m mantendo a diplomacia, a presidente da EBC, Tereza Cruvinel, n&atilde;o quis dizer se deseja ou n&atilde;o ficar no cargo. &ldquo;Depende de um convite. Deve se respeitar a autoridade p&uacute;blica&rdquo;, ponderou. No entanto, a ex-colunista do jornal O Globo tamb&eacute;m n&atilde;o negou a possibilidade de antem&atilde;o. &ldquo;Seria uma descortesia dizer que n&atilde;o quero ficar&rdquo;, afirmou.<\/span><\/p>\n","protected":false},"excerpt":{"rendered":"<p>Em novembro de 2011 come&ccedil;ar&aacute; um novo mandato e o escolhido para o posto pode ser um conselheiro, um superintendente ou a atual gestora<\/p>\n","protected":false},"author":1,"featured_media":0,"comment_status":"open","ping_status":"open","sticky":false,"template":"","format":"standard","meta":{"footnotes":""},"categories":[40],"tags":[259],"_links":{"self":[{"href":"https:\/\/obscom.intervozes.org.br\/index.php?rest_route=\/wp\/v2\/posts\/26002"}],"collection":[{"href":"https:\/\/obscom.intervozes.org.br\/index.php?rest_route=\/wp\/v2\/posts"}],"about":[{"href":"https:\/\/obscom.intervozes.org.br\/index.php?rest_route=\/wp\/v2\/types\/post"}],"author":[{"embeddable":true,"href":"https:\/\/obscom.intervozes.org.br\/index.php?rest_route=\/wp\/v2\/users\/1"}],"replies":[{"embeddable":true,"href":"https:\/\/obscom.intervozes.org.br\/index.php?rest_route=%2Fwp%2Fv2%2Fcomments&post=26002"}],"version-history":[{"count":0,"href":"https:\/\/obscom.intervozes.org.br\/index.php?rest_route=\/wp\/v2\/posts\/26002\/revisions"}],"wp:attachment":[{"href":"https:\/\/obscom.intervozes.org.br\/index.php?rest_route=%2Fwp%2Fv2%2Fmedia&parent=26002"}],"wp:term":[{"taxonomy":"category","embeddable":true,"href":"https:\/\/obscom.intervozes.org.br\/index.php?rest_route=%2Fwp%2Fv2%2Fcategories&post=26002"},{"taxonomy":"post_tag","embeddable":true,"href":"https:\/\/obscom.intervozes.org.br\/index.php?rest_route=%2Fwp%2Fv2%2Ftags&post=26002"}],"curies":[{"name":"wp","href":"https:\/\/api.w.org\/{rel}","templated":true}]}}