{"id":25999,"date":"2011-08-22T16:42:08","date_gmt":"2011-08-22T16:42:08","guid":{"rendered":"https:\/\/obscom.intervozes.org.br\/wordpress\/?p=25999"},"modified":"2011-08-22T16:42:08","modified_gmt":"2011-08-22T16:42:08","slug":"primeira-conexao-do-pnbl-sera-inaugurada-terca-feira","status":"publish","type":"post","link":"https:\/\/obscom.intervozes.org.br\/?p=25999","title":{"rendered":"Primeira conex\u00e3o do PNBL ser\u00e1 inaugurada ter\u00e7a-feira"},"content":{"rendered":"<p><span class=\"padrao\">O Plano Nacional de Banda Larga (PNBL) come&ccedil;a a funcionar na pr&aacute;tica na pr&oacute;xima ter&ccedil;a-feira (23), com as primeiras conex&otilde;es de 1 Mbps a R$ 35, vendidas pelo provedor Sadnet, em Santo Ant&ocirc;nio do Descoberto, cidade goiana localizada a 47 km de Bras&iacute;lia. O ministro das Comunica&ccedil;&otilde;es, Paulo Bernardo, convidado a participar da solenidade simb&oacute;lica do primeiro acesso, n&atilde;o vai participar, alegando compromissos agendados anteriormente.<\/p>\n<p>A Sadnet foi o primeiro provedor do Brasil a assinar contrato com a Telebras, no in&iacute;cio de junho, mas ficou aguardando a defini&ccedil;&atilde;o da data do lan&ccedil;amento oficial do PNBL, que a princ&iacute;pio previa at&eacute; a presen&ccedil;a da presidente Dilma Roussef. A espera foi t&atilde;o longa que o provedor j&aacute; recebeu a primeira fatura mensal &ndash; que foi a primeira expedida pela estatal ap&oacute;s sua reativa&ccedil;&atilde;o &ndash; no &uacute;ltimo dia 11.<\/p>\n<p>Segundo o dono do provedor, Jovenil Abadia, a infraestrutura est&aacute; pronta, o link j&aacute; foi testado e a expectativa &eacute; de dobrar o n&uacute;mero de assinantes que a empresa j&aacute; disp&otilde;e, cerca de mil, em pouco tempo. Mas reconhece que o pre&ccedil;o da esta&ccedil;&atilde;o receptora, composta de antena, receptor, cabos e acess&oacute;rios de conex&atilde;o, vendida por at&eacute; R$ 299, &eacute; uma barreira &aacute; expans&atilde;o dos acessos.<\/p>\n<p>&ldquo;N&oacute;s repassamos os equipamentos pelo mesmo pre&ccedil;o que compramos, porque n&atilde;o nos interessa ganhar dinheiro com isso&rdquo;, afirma Abadia. Ele informa que o problema do custo &eacute; a carga tribut&aacute;ria incidente, j&aacute; que os equipamentos s&atilde;o todos importados, sem similar no Brasil. &ldquo;Se o governo reduzir as taxas, o pre&ccedil;o da esta&ccedil;&atilde;o pode cair at&eacute; 60%&rdquo;, disse.<\/p>\n<p>O ministro Paulo Bernardo reconhece a dificuldade e disse que j&aacute; orientou sua equipe para encontrar uma alternativa para baratear os equipamentos. Uma das op&ccedil;&otilde;es aventadas pelo ministro &eacute; o uso de uma &uacute;nica esta&ccedil;&atilde;o com roteador para conectar v&aacute;rias resid&ecirc;ncias.<\/p>\n<p>O link de 100 Mbps da Telebras custa menos de R$ 200 para a Sadnet. O pre&ccedil;o exato, segundo Abadia, n&atilde;o pode ser divulgado em fun&ccedil;&atilde;o da cl&aacute;usula de confidencialidade inclu&iacute;da no contrato. Mas ele informa que, depois da entrada da estatal no mercado, operadoras privadas baixaram os pre&ccedil;os dos seus links, como a Embratel.<\/p>\n<p>Pelo contrato, a Sadnet &eacute; obrigada a entregar pelo menos 20% da velocidade contratada ao cliente. Essa exig&ecirc;ncia ainda n&atilde;o vale para as operadoras privadas.<\/span><\/p>\n","protected":false},"excerpt":{"rendered":"<p>O Plano Nacional de Banda Larga (PNBL) come&ccedil;a a funcionar na pr&aacute;tica na pr&oacute;xima ter&ccedil;a-feira (23), com as primeiras conex&otilde;es de 1 Mbps a R$ 35, vendidas pelo provedor Sadnet, em Santo Ant&ocirc;nio do Descoberto, cidade goiana localizada a 47 km de Bras&iacute;lia. O ministro das Comunica&ccedil;&otilde;es, Paulo Bernardo, convidado a participar da solenidade simb&oacute;lica &hellip; <a href=\"https:\/\/obscom.intervozes.org.br\/?p=25999\" class=\"more-link\">Continue lendo <span class=\"screen-reader-text\">Primeira conex\u00e3o do PNBL ser\u00e1 inaugurada ter\u00e7a-feira<\/span> <span class=\"meta-nav\">&rarr;<\/span><\/a><\/p>\n","protected":false},"author":1,"featured_media":0,"comment_status":"open","ping_status":"open","sticky":false,"template":"","format":"standard","meta":{"footnotes":""},"categories":[40],"tags":[150],"_links":{"self":[{"href":"https:\/\/obscom.intervozes.org.br\/index.php?rest_route=\/wp\/v2\/posts\/25999"}],"collection":[{"href":"https:\/\/obscom.intervozes.org.br\/index.php?rest_route=\/wp\/v2\/posts"}],"about":[{"href":"https:\/\/obscom.intervozes.org.br\/index.php?rest_route=\/wp\/v2\/types\/post"}],"author":[{"embeddable":true,"href":"https:\/\/obscom.intervozes.org.br\/index.php?rest_route=\/wp\/v2\/users\/1"}],"replies":[{"embeddable":true,"href":"https:\/\/obscom.intervozes.org.br\/index.php?rest_route=%2Fwp%2Fv2%2Fcomments&post=25999"}],"version-history":[{"count":0,"href":"https:\/\/obscom.intervozes.org.br\/index.php?rest_route=\/wp\/v2\/posts\/25999\/revisions"}],"wp:attachment":[{"href":"https:\/\/obscom.intervozes.org.br\/index.php?rest_route=%2Fwp%2Fv2%2Fmedia&parent=25999"}],"wp:term":[{"taxonomy":"category","embeddable":true,"href":"https:\/\/obscom.intervozes.org.br\/index.php?rest_route=%2Fwp%2Fv2%2Fcategories&post=25999"},{"taxonomy":"post_tag","embeddable":true,"href":"https:\/\/obscom.intervozes.org.br\/index.php?rest_route=%2Fwp%2Fv2%2Ftags&post=25999"}],"curies":[{"name":"wp","href":"https:\/\/api.w.org\/{rel}","templated":true}]}}