{"id":25989,"date":"2011-08-19T12:55:13","date_gmt":"2011-08-19T12:55:13","guid":{"rendered":"https:\/\/obscom.intervozes.org.br\/wordpress\/?p=25989"},"modified":"2011-08-19T12:55:13","modified_gmt":"2011-08-19T12:55:13","slug":"minicom-publica-aviso-de-habilitacao-de-radio-comunitaria","status":"publish","type":"post","link":"https:\/\/obscom.intervozes.org.br\/?p=25989","title":{"rendered":"MiniCom publica aviso de habilita\u00e7\u00e3o de r\u00e1dio comunit\u00e1ria"},"content":{"rendered":"<p><span class=\"padrao\"><strong>Reda&ccedil;&atilde;o &#8211; Tele.S&iacute;ntese<\/strong><\/p>\n<p><\/span>O Minist&eacute;rio das Comunica&ccedil;&otilde;es publicou, nesta sexta-feira (19) o sexto aviso de habilita&ccedil;&atilde;o para inscri&ccedil;&atilde;o de entidades interessadas em executar o servi&ccedil;o de radiodifus&atilde;o comunit&aacute;ria. Desta vez est&atilde;o previstas emissoras em 25 cidades do estado de Minas Gerais.<span class=\"padrao\"><\/p>\n<p>O prazo de inscri&ccedil;&atilde;o &eacute; de 45 dias, contados a partir de hoje, e a taxa de cadastramento &eacute; de R$ 20. A inscri&ccedil;&atilde;o poder&aacute; ser feita via postal, endere&ccedil;ada &agrave; Delegacia Regional do Minist&eacute;rio das Comunica&ccedil;&otilde;es em Minas Gerais, situada na Avenida Afonso Pena, n&ordm; 1270, T&eacute;rreo, Centro, Belo Horizonte\/MG &#8211; Cep: 30.130-900.<\/span><\/p>\n","protected":false},"excerpt":{"rendered":"<p>Reda&ccedil;&atilde;o &#8211; Tele.S&iacute;ntese O Minist&eacute;rio das Comunica&ccedil;&otilde;es publicou, nesta sexta-feira (19) o sexto aviso de habilita&ccedil;&atilde;o para inscri&ccedil;&atilde;o de entidades interessadas em executar o servi&ccedil;o de radiodifus&atilde;o comunit&aacute;ria. Desta vez est&atilde;o previstas emissoras em 25 cidades do estado de Minas Gerais. O prazo de inscri&ccedil;&atilde;o &eacute; de 45 dias, contados a partir de hoje, e &hellip; <a href=\"https:\/\/obscom.intervozes.org.br\/?p=25989\" class=\"more-link\">Continue lendo <span class=\"screen-reader-text\">MiniCom publica aviso de habilita\u00e7\u00e3o de r\u00e1dio comunit\u00e1ria<\/span> <span class=\"meta-nav\">&rarr;<\/span><\/a><\/p>\n","protected":false},"author":1,"featured_media":0,"comment_status":"open","ping_status":"open","sticky":false,"template":"","format":"standard","meta":{"footnotes":""},"categories":[39],"tags":[],"_links":{"self":[{"href":"https:\/\/obscom.intervozes.org.br\/index.php?rest_route=\/wp\/v2\/posts\/25989"}],"collection":[{"href":"https:\/\/obscom.intervozes.org.br\/index.php?rest_route=\/wp\/v2\/posts"}],"about":[{"href":"https:\/\/obscom.intervozes.org.br\/index.php?rest_route=\/wp\/v2\/types\/post"}],"author":[{"embeddable":true,"href":"https:\/\/obscom.intervozes.org.br\/index.php?rest_route=\/wp\/v2\/users\/1"}],"replies":[{"embeddable":true,"href":"https:\/\/obscom.intervozes.org.br\/index.php?rest_route=%2Fwp%2Fv2%2Fcomments&post=25989"}],"version-history":[{"count":0,"href":"https:\/\/obscom.intervozes.org.br\/index.php?rest_route=\/wp\/v2\/posts\/25989\/revisions"}],"wp:attachment":[{"href":"https:\/\/obscom.intervozes.org.br\/index.php?rest_route=%2Fwp%2Fv2%2Fmedia&parent=25989"}],"wp:term":[{"taxonomy":"category","embeddable":true,"href":"https:\/\/obscom.intervozes.org.br\/index.php?rest_route=%2Fwp%2Fv2%2Fcategories&post=25989"},{"taxonomy":"post_tag","embeddable":true,"href":"https:\/\/obscom.intervozes.org.br\/index.php?rest_route=%2Fwp%2Fv2%2Ftags&post=25989"}],"curies":[{"name":"wp","href":"https:\/\/api.w.org\/{rel}","templated":true}]}}