{"id":25986,"date":"2011-08-18T11:47:54","date_gmt":"2011-08-18T11:47:54","guid":{"rendered":"https:\/\/obscom.intervozes.org.br\/wordpress\/?p=25986"},"modified":"2011-08-18T11:47:54","modified_gmt":"2011-08-18T11:47:54","slug":"seminario-discute-sistema-de-audiodescricao-na-tv","status":"publish","type":"post","link":"https:\/\/obscom.intervozes.org.br\/?p=25986","title":{"rendered":"Semin\u00e1rio discute sistema de audiodescri\u00e7\u00e3o na TV"},"content":{"rendered":"<p><span class=\"padrao\">A C&acirc;mara sedia nesta tarde um semin&aacute;rio para avaliar a implanta&ccedil;&atilde;o do sistema de audiodescri&ccedil;&atilde;o pelas emissoras de televis&atilde;o aberta que j&aacute; operam com sinal digital. A audiodescri&ccedil;&atilde;o &eacute; um recurso utilizado para facilitar o entendimento dos programas de TV pelos deficientes visuais: um dublador aproveita os intervalos dos di&aacute;logos de filmes ou novelas para descrever o que acontece nas cenas, como detalhes de express&atilde;o e da roupa dos personagens.<\/p>\n<p>O governo federal anunciou, no &uacute;ltimo m&ecirc;s de junho, a implementa&ccedil;&atilde;o gradual desse sistema, que pode ser acessado pelo telespectador por meio da tecla SAP. Pelo cronograma do governo, as emissoras com sinal aberto digital devem oferecer, desde 1&ordm; de julho, pelo menos duas horas semanais de programa&ccedil;&atilde;o com audiodescri&ccedil;&atilde;o.<\/p>\n<p>As regras para a audiodescri&ccedil;&atilde;o est&atilde;o previstas na Portaria 188\/10 do Minist&eacute;rio das Comunica&ccedil;&otilde;es. A portaria tamb&eacute;m determina que, 120 meses depois de receber autoriza&ccedil;&atilde;o para operar o sinal digital, a emissora ofere&ccedil;a a seus telespectadores pelo menos 20 horas semanais de programas com audiodescri&ccedil;&atilde;o, no hor&aacute;rio entre 6 e 2 horas.<\/p>\n<p>A fiscaliza&ccedil;&atilde;o do cumprimento da portaria ser&aacute; feita pelo Minist&eacute;rio das Comunica&ccedil;&otilde;es e pela Ag&ecirc;ncia Nacional de Telecomunica&ccedil;&otilde;es (Anatel).<\/p>\n<p>Durante o evento de hoje, ser&atilde;o discutidos o cumprimento da portaria e a A&ccedil;&atilde;o de Descumprimento de Preceito Fundamental (ADPF) 160\/08, que tramita no Supremo Tribunal Federal (STF) e busca garantir o uso de audiodescri&ccedil;&atilde;o nas TVs nacionais; e as perspectivas para o profissional audiodescritor.<\/p>\n<p><strong>Debatedores<\/strong><\/p>\n<p>O semin&aacute;rio &eacute; promovido pela Comiss&atilde;o de Direitos Humanos e Minorias da C&acirc;mara, pela Frente Parlamentar pela Liberdade de Express&atilde;o e o Direito &agrave; Comunica&ccedil;&atilde;o com Participa&ccedil;&atilde;o Popular (Frentecom), pela Frente Parlamentar em Defesa dos Direitos da Pessoa com Defici&ecirc;ncia e pela Subcomiss&atilde;o Permanente de Assuntos Sociais das Pessoas com Defici&ecirc;ncia, vinculada &agrave; Comiss&atilde;o de Assuntos Sociais do Senado.<\/p>\n<p>Entre os convidados est&atilde;o representantes do Minist&eacute;rio das Comunica&ccedil;&otilde;es e de entidades como o Conselho Nacional dos Direitos da Pessoa com Defici&ecirc;ncia (Conade), o Programa Senai de A&ccedil;&otilde;es Inclusivas e a Associa&ccedil;&atilde;o Brasileira de Emissoras de R&aacute;dio e Televis&atilde;o (Abert).<\/p>\n<p>Os moderadores dos debates ser&atilde;o a presidente da Frente Parlamentar pela Liberdade de Express&atilde;o e o Direito &agrave; Comunica&ccedil;&atilde;o com Participa&ccedil;&atilde;o Popular, deputada Luiza Erundina (PSB-SP); a presidente da Frente Parlamentar em Defesa dos Direitos da Pessoa com Defici&ecirc;ncia, deputada Rosinha da Adefal (PTdoB-AL); e o presidente da Subcomiss&atilde;o Permanente de Assuntos Sociais das Pessoas com Defici&ecirc;ncia, senador Lindbergh Farias (PT-RJ).<\/p>\n<p>O semin&aacute;rio contar&aacute; com o recurso da audiodescri&ccedil;&atilde;o durante sua realiza&ccedil;&atilde;o, al&eacute;m de int&eacute;rpretes da L&iacute;ngua Brasileira de Sinais (Libras) e servi&ccedil;o de transcri&ccedil;&atilde;o em tempo real.<\/p>\n<p>O evento ser&aacute; realizado das 14 &agrave;s 18 horas, no audit&oacute;rio Nereu Ramos.<\/span><\/p>\n","protected":false},"excerpt":{"rendered":"<p>A C&acirc;mara sedia nesta tarde um semin&aacute;rio para avaliar a implanta&ccedil;&atilde;o do sistema de audiodescri&ccedil;&atilde;o pelas emissoras de televis&atilde;o aberta que j&aacute; operam com sinal digital. A audiodescri&ccedil;&atilde;o &eacute; um recurso utilizado para facilitar o entendimento dos programas de TV pelos deficientes visuais: um dublador aproveita os intervalos dos di&aacute;logos de filmes ou novelas para &hellip; <a href=\"https:\/\/obscom.intervozes.org.br\/?p=25986\" class=\"more-link\">Continue lendo <span class=\"screen-reader-text\">Semin\u00e1rio discute sistema de audiodescri\u00e7\u00e3o na TV<\/span> <span class=\"meta-nav\">&rarr;<\/span><\/a><\/p>\n","protected":false},"author":1,"featured_media":0,"comment_status":"open","ping_status":"open","sticky":false,"template":"","format":"standard","meta":{"footnotes":""},"categories":[40],"tags":[178],"_links":{"self":[{"href":"https:\/\/obscom.intervozes.org.br\/index.php?rest_route=\/wp\/v2\/posts\/25986"}],"collection":[{"href":"https:\/\/obscom.intervozes.org.br\/index.php?rest_route=\/wp\/v2\/posts"}],"about":[{"href":"https:\/\/obscom.intervozes.org.br\/index.php?rest_route=\/wp\/v2\/types\/post"}],"author":[{"embeddable":true,"href":"https:\/\/obscom.intervozes.org.br\/index.php?rest_route=\/wp\/v2\/users\/1"}],"replies":[{"embeddable":true,"href":"https:\/\/obscom.intervozes.org.br\/index.php?rest_route=%2Fwp%2Fv2%2Fcomments&post=25986"}],"version-history":[{"count":0,"href":"https:\/\/obscom.intervozes.org.br\/index.php?rest_route=\/wp\/v2\/posts\/25986\/revisions"}],"wp:attachment":[{"href":"https:\/\/obscom.intervozes.org.br\/index.php?rest_route=%2Fwp%2Fv2%2Fmedia&parent=25986"}],"wp:term":[{"taxonomy":"category","embeddable":true,"href":"https:\/\/obscom.intervozes.org.br\/index.php?rest_route=%2Fwp%2Fv2%2Fcategories&post=25986"},{"taxonomy":"post_tag","embeddable":true,"href":"https:\/\/obscom.intervozes.org.br\/index.php?rest_route=%2Fwp%2Fv2%2Ftags&post=25986"}],"curies":[{"name":"wp","href":"https:\/\/api.w.org\/{rel}","templated":true}]}}