{"id":25981,"date":"2011-08-18T11:08:55","date_gmt":"2011-08-18T11:08:55","guid":{"rendered":"https:\/\/obscom.intervozes.org.br\/wordpress\/?p=25981"},"modified":"2011-08-18T11:08:55","modified_gmt":"2011-08-18T11:08:55","slug":"para-ancine-acordos-estabelecidos-na-tramitacao-do-plc-116-nao-serao-quebrados","status":"publish","type":"post","link":"https:\/\/obscom.intervozes.org.br\/?p=25981","title":{"rendered":"Para Ancine, acordos estabelecidos na tramita\u00e7\u00e3o do PLC 116 n\u00e3o ser\u00e3o quebrados"},"content":{"rendered":"<p><span class=\"padrao\"><strong>Fernando Lauterjung &#8211; Tela Viva News<\/strong><\/p>\n<p>O presidente da Ancine, Manoel Rangel, descarta a possibilidade de movimenta&ccedil;&otilde;es entre os setores que comp&otilde;em o mercado de TV por assinatura para neutralizar os pontos pol&ecirc;micos que est&atilde;o no PLC 116, que cria o novo marco legal para o servi&ccedil;o e que teve seu texto aprovado no Congresso Nacional. &quot;Tenho convic&ccedil;&atilde;o de que todos os envolvidos na constru&ccedil;&atilde;o do projeto, e que abriram m&atilde;o de alguns pontos e preceitos, agiram de boa f&eacute;&quot;, diz o presidente da ag&ecirc;ncia reguladora. Ele lembra que a negocia&ccedil;&atilde;o do projeto, que levou mais de quatro anos, foi complexa e envolveu lideran&ccedil;as do governo e da oposi&ccedil;&atilde;o, bem como teve participa&ccedil;&atilde;o de um conjunto de representantes do setor. &quot;Pelo menos 30 parlamentares se dedicaram profundamente na an&aacute;lise e na viabiliza&ccedil;&atilde;o do projeto&quot;, diz.<\/p>\n<p>Para ele, o marco regulat&oacute;rio traz diversos efeitos positivos ao setor e &agrave; sociedade ao permitir uma r&aacute;pida expans&atilde;o do servi&ccedil;o de TV por assinatura n&atilde;o apenas por uma operadora, o que deve estimular a competi&ccedil;&atilde;o, com redu&ccedil;&atilde;o de pre&ccedil;os e melhoria na qualidade dos servi&ccedil;os prestados. Al&eacute;m disso, traz competi&ccedil;&atilde;o na programa&ccedil;&atilde;o de TV por assinatura, viabilizando a entrada de novas empresas. O projeto possibilita ainda o aumento da produ&ccedil;&atilde;o de conte&uacute;do brasileiro e d&aacute; possibilidade de veicula&ccedil;&atilde;o deste conte&uacute;do. &quot;Por fim, o PLC 116 vai dinamizar a expans&atilde;o da banda larga no Brasil, e isso &eacute; o mais importante. A banda larga &eacute; o futuro da comunica&ccedil;&atilde;o&quot;, destaca. <\/span><\/p>\n<p>&nbsp;<\/p>\n","protected":false},"excerpt":{"rendered":"<p>Fernando Lauterjung &#8211; Tela Viva News O presidente da Ancine, Manoel Rangel, descarta a possibilidade de movimenta&ccedil;&otilde;es entre os setores que comp&otilde;em o mercado de TV por assinatura para neutralizar os pontos pol&ecirc;micos que est&atilde;o no PLC 116, que cria o novo marco legal para o servi&ccedil;o e que teve seu texto aprovado no Congresso &hellip; <a href=\"https:\/\/obscom.intervozes.org.br\/?p=25981\" class=\"more-link\">Continue lendo <span class=\"screen-reader-text\">Para Ancine, acordos estabelecidos na tramita\u00e7\u00e3o do PLC 116 n\u00e3o ser\u00e3o quebrados<\/span> <span class=\"meta-nav\">&rarr;<\/span><\/a><\/p>\n","protected":false},"author":1,"featured_media":0,"comment_status":"open","ping_status":"open","sticky":false,"template":"","format":"standard","meta":{"footnotes":""},"categories":[39],"tags":[],"_links":{"self":[{"href":"https:\/\/obscom.intervozes.org.br\/index.php?rest_route=\/wp\/v2\/posts\/25981"}],"collection":[{"href":"https:\/\/obscom.intervozes.org.br\/index.php?rest_route=\/wp\/v2\/posts"}],"about":[{"href":"https:\/\/obscom.intervozes.org.br\/index.php?rest_route=\/wp\/v2\/types\/post"}],"author":[{"embeddable":true,"href":"https:\/\/obscom.intervozes.org.br\/index.php?rest_route=\/wp\/v2\/users\/1"}],"replies":[{"embeddable":true,"href":"https:\/\/obscom.intervozes.org.br\/index.php?rest_route=%2Fwp%2Fv2%2Fcomments&post=25981"}],"version-history":[{"count":0,"href":"https:\/\/obscom.intervozes.org.br\/index.php?rest_route=\/wp\/v2\/posts\/25981\/revisions"}],"wp:attachment":[{"href":"https:\/\/obscom.intervozes.org.br\/index.php?rest_route=%2Fwp%2Fv2%2Fmedia&parent=25981"}],"wp:term":[{"taxonomy":"category","embeddable":true,"href":"https:\/\/obscom.intervozes.org.br\/index.php?rest_route=%2Fwp%2Fv2%2Fcategories&post=25981"},{"taxonomy":"post_tag","embeddable":true,"href":"https:\/\/obscom.intervozes.org.br\/index.php?rest_route=%2Fwp%2Fv2%2Ftags&post=25981"}],"curies":[{"name":"wp","href":"https:\/\/api.w.org\/{rel}","templated":true}]}}