{"id":25978,"date":"2011-08-17T18:25:29","date_gmt":"2011-08-17T18:25:29","guid":{"rendered":"https:\/\/obscom.intervozes.org.br\/wordpress\/?p=25978"},"modified":"2011-08-17T18:25:29","modified_gmt":"2011-08-17T18:25:29","slug":"conselho-estadual-de-comunicacao-do-rio-de-janeiro-retorna-a-pauta","status":"publish","type":"post","link":"https:\/\/obscom.intervozes.org.br\/?p=25978","title":{"rendered":"Conselho Estadual de Comunica\u00e7\u00e3o do Rio de Janeiro retorna \u00e0 pauta"},"content":{"rendered":"<p><span class=\"padrao\"><strong>Reda&ccedil;&atilde;o &#8211; Sindicato dos Jornalistas Profissionais do Munic&iacute;pio do Rio de Janeiro<\/strong><\/p>\n<p>Enquanto leva o plano do Conselho Estadual de Comunica&ccedil;&atilde;o a f&oacute;runs de debate, o deputado Paulo Ramos (PDT), autor do Projeto de Lei 3.323\/10, que institui o conselho, pretende colocar a mat&eacute;ria tamb&eacute;m no expediente do plen&aacute;rio da Assembleia Legislativa (Alerj), para entrar em pauta de vota&ccedil;&atilde;o, j&aacute; que n&atilde;o h&aacute; muito espa&ccedil;o para discuss&atilde;o nos microfones do parlamento, segundo o pr&oacute;prio deputado. Assim, o pedetista aponta que at&eacute; o final de agosto o texto do Conselho Estadual de Comunica&ccedil;&atilde;o deva estar prestes a ser votado.<\/p>\n<p>&ldquo;Temos que colocar o projeto na pauta, nem que seja para discutir o assunto, mesmo que no pouco espa&ccedil;o&rdquo;, exp&otilde;e Ramos. Ele assume ter enfrentado dificuldades na tentativa de apoio parlamentar ao projeto. &ldquo;Alguns acham que &eacute; censura. Mas n&atilde;o &eacute;. &Eacute; controle social&rdquo;, explica ele, voltando a bater na tecla que elucida um dos grandes equ&iacute;vocos quando se debate o tema.<\/p>\n<p>A finalidade do conselho &eacute; garantir que todos os setores ligados ao assunto possam discutir a comunica&ccedil;&atilde;o no Rio de Janeiro, evitando concentra&ccedil;&atilde;o. O objetivo do &oacute;rg&atilde;o, entre outras tarefas, &eacute; o de acompanhar as pol&iacute;ticas de Comunica&ccedil;&atilde;o Social no estado e o de receber e encaminhar den&uacute;ncias sobre abusos nos ve&iacute;culos. Fiscalizar as verbas publicit&aacute;rias para que sejam obedecidos crit&eacute;rios t&eacute;cnicos de audi&ecirc;ncia e garantia da diversidade e pluralidade tamb&eacute;m &eacute; uma das fun&ccedil;&otilde;es do conselho.<\/p>\n<p>Paulo Ramos completa que o Conselho de Comunica&ccedil;&atilde;o deve fiscalizar os donos das grandes empresas do setor e n&atilde;o submeter os jornalistas &agrave; censura. O &oacute;rg&atilde;o tamb&eacute;m vai ser levado &agrave;s frentes parlamentares pertinentes para que os deputados debatam o assunto. O presidente da Comiss&atilde;o de Cultura da Alerj, Robson Leite (PT), tamb&eacute;m j&aacute; se disse favor&aacute;vel &agrave; cria&ccedil;&atilde;o do conselho durante o lan&ccedil;amento da Frente Parlamentar pela Liberdade de Express&atilde;o.<\/span><\/p>\n","protected":false},"excerpt":{"rendered":"<p>Reda&ccedil;&atilde;o &#8211; Sindicato dos Jornalistas Profissionais do Munic&iacute;pio do Rio de Janeiro Enquanto leva o plano do Conselho Estadual de Comunica&ccedil;&atilde;o a f&oacute;runs de debate, o deputado Paulo Ramos (PDT), autor do Projeto de Lei 3.323\/10, que institui o conselho, pretende colocar a mat&eacute;ria tamb&eacute;m no expediente do plen&aacute;rio da Assembleia Legislativa (Alerj), para entrar &hellip; <a href=\"https:\/\/obscom.intervozes.org.br\/?p=25978\" class=\"more-link\">Continue lendo <span class=\"screen-reader-text\">Conselho Estadual de Comunica\u00e7\u00e3o do Rio de Janeiro retorna \u00e0 pauta<\/span> <span class=\"meta-nav\">&rarr;<\/span><\/a><\/p>\n","protected":false},"author":1,"featured_media":0,"comment_status":"open","ping_status":"open","sticky":false,"template":"","format":"standard","meta":{"footnotes":""},"categories":[39],"tags":[],"_links":{"self":[{"href":"https:\/\/obscom.intervozes.org.br\/index.php?rest_route=\/wp\/v2\/posts\/25978"}],"collection":[{"href":"https:\/\/obscom.intervozes.org.br\/index.php?rest_route=\/wp\/v2\/posts"}],"about":[{"href":"https:\/\/obscom.intervozes.org.br\/index.php?rest_route=\/wp\/v2\/types\/post"}],"author":[{"embeddable":true,"href":"https:\/\/obscom.intervozes.org.br\/index.php?rest_route=\/wp\/v2\/users\/1"}],"replies":[{"embeddable":true,"href":"https:\/\/obscom.intervozes.org.br\/index.php?rest_route=%2Fwp%2Fv2%2Fcomments&post=25978"}],"version-history":[{"count":0,"href":"https:\/\/obscom.intervozes.org.br\/index.php?rest_route=\/wp\/v2\/posts\/25978\/revisions"}],"wp:attachment":[{"href":"https:\/\/obscom.intervozes.org.br\/index.php?rest_route=%2Fwp%2Fv2%2Fmedia&parent=25978"}],"wp:term":[{"taxonomy":"category","embeddable":true,"href":"https:\/\/obscom.intervozes.org.br\/index.php?rest_route=%2Fwp%2Fv2%2Fcategories&post=25978"},{"taxonomy":"post_tag","embeddable":true,"href":"https:\/\/obscom.intervozes.org.br\/index.php?rest_route=%2Fwp%2Fv2%2Ftags&post=25978"}],"curies":[{"name":"wp","href":"https:\/\/api.w.org\/{rel}","templated":true}]}}