{"id":25973,"date":"2011-08-17T16:47:41","date_gmt":"2011-08-17T16:47:41","guid":{"rendered":"https:\/\/obscom.intervozes.org.br\/wordpress\/?p=25973"},"modified":"2011-08-17T16:47:41","modified_gmt":"2011-08-17T16:47:41","slug":"desoneracao-de-telecom-vai-contemplar-equipamentos-redes-construcao-civil-e-projetos","status":"publish","type":"post","link":"https:\/\/obscom.intervozes.org.br\/?p=25973","title":{"rendered":"Desonera\u00e7\u00e3o de telecom vai contemplar equipamentos, redes, constru\u00e7\u00e3o civil e projetos"},"content":{"rendered":"<p><span class=\"padrao\">O regime especial para a cadeia produtiva de redes de telecomunica&ccedil;&otilde;es de banda larga, que dever&aacute; ser anunciado em duas ou tr&ecirc;s semanas, dentro do programa Brasil Maior, vai contemplar equipamentos, redes, obras de constru&ccedil;&atilde;o civil e projeto, segundo anunciou hoje o secret&aacute;rio executivo do Minist&eacute;rio das Comunica&ccedil;&otilde;es, Cezar Alvarez, na abertura do 27&ordm; Encontro Tele.S&iacute;ntese, que se realiza em S&atilde;o Paulo.<\/p>\n<p>Alvarez disse que a isen&ccedil;&atilde;o poder&aacute; chegar a 100% do PIS\/COFINS e do IPI e que ela vai variar de percentual para o atendimento de prioridades que est&atilde;o em fase final de defini&ccedil;&atilde;o. Entre as prioridades destacou as disparidades regionais, as &aacute;reas com menos competi&ccedil;&atilde;o, a antecipa&ccedil;&atilde;o de conclus&atilde;o da rede, etc. Ou seja, o projeto que mais contemplar os pontos de pol&iacute;tcas p&uacute;blicas estabelecidas no regime especial ter&aacute; isen&ccedil;&atilde;o maior de tributos e cr&eacute;ditos mais facilitados.<\/p>\n<p>A desonera&ccedil;&atilde;o fiscal do regime especial para equipamentos e componentes vai valer at&eacute; 2019, mesmo per&iacute;odo de cobertura dos bens de inform&aacute;tica isentos pela Lei do Bem; o per&iacute;odo de aprova&ccedil;&atilde;o dos projetos vai at&eacute; 12 e 18 meses; e a implanta&ccedil;&atilde;o das redes at&eacute; tr&ecirc;s anos. As redes implantadas no primeiro ano, ap&oacute;s a aprova&ccedil;&atilde;o do projeto, ter&atilde;o desonera&ccedil;&atilde;o maior do que as implantadas no segundo ano; e estas ser&atilde;o mais beneficiadas do que aquelas implantadas no terceiro ano de vig&ecirc;ncia do regime especial.<\/p>\n<p>Na avalia&ccedil;&atilde;o do governo, essas medidas dever&atilde;o impulsionar a contru&ccedil;&atilde;o de novas redes por operadoras de diferentes portes, o que &eacute; fundamental para o desenvolvimento do setor. &ldquo;J&aacute; n&atilde;o temos redes para atender a demanda. E a demanda vai continuar crescendo com a amplia&ccedil;&atilde;o da classe C, que j&aacute; &eacute; mais da metade da popula&ccedil;&atilde;o, com o Plano Nacional de Banda Larga, com a queda dos pre&ccedil;os&rdquo;, disse Alvarez.<\/span><\/p>\n","protected":false},"excerpt":{"rendered":"<p>O regime especial para a cadeia produtiva de redes de telecomunica&ccedil;&otilde;es de banda larga, que dever&aacute; ser anunciado em duas ou tr&ecirc;s semanas, dentro do programa Brasil Maior, vai contemplar equipamentos, redes, obras de constru&ccedil;&atilde;o civil e projeto, segundo anunciou hoje o secret&aacute;rio executivo do Minist&eacute;rio das Comunica&ccedil;&otilde;es, Cezar Alvarez, na abertura do 27&ordm; Encontro &hellip; <a href=\"https:\/\/obscom.intervozes.org.br\/?p=25973\" class=\"more-link\">Continue lendo <span class=\"screen-reader-text\">Desonera\u00e7\u00e3o de telecom vai contemplar equipamentos, redes, constru\u00e7\u00e3o civil e projetos<\/span> <span class=\"meta-nav\">&rarr;<\/span><\/a><\/p>\n","protected":false},"author":1,"featured_media":0,"comment_status":"open","ping_status":"open","sticky":false,"template":"","format":"standard","meta":{"footnotes":""},"categories":[40],"tags":[545],"_links":{"self":[{"href":"https:\/\/obscom.intervozes.org.br\/index.php?rest_route=\/wp\/v2\/posts\/25973"}],"collection":[{"href":"https:\/\/obscom.intervozes.org.br\/index.php?rest_route=\/wp\/v2\/posts"}],"about":[{"href":"https:\/\/obscom.intervozes.org.br\/index.php?rest_route=\/wp\/v2\/types\/post"}],"author":[{"embeddable":true,"href":"https:\/\/obscom.intervozes.org.br\/index.php?rest_route=\/wp\/v2\/users\/1"}],"replies":[{"embeddable":true,"href":"https:\/\/obscom.intervozes.org.br\/index.php?rest_route=%2Fwp%2Fv2%2Fcomments&post=25973"}],"version-history":[{"count":0,"href":"https:\/\/obscom.intervozes.org.br\/index.php?rest_route=\/wp\/v2\/posts\/25973\/revisions"}],"wp:attachment":[{"href":"https:\/\/obscom.intervozes.org.br\/index.php?rest_route=%2Fwp%2Fv2%2Fmedia&parent=25973"}],"wp:term":[{"taxonomy":"category","embeddable":true,"href":"https:\/\/obscom.intervozes.org.br\/index.php?rest_route=%2Fwp%2Fv2%2Fcategories&post=25973"},{"taxonomy":"post_tag","embeddable":true,"href":"https:\/\/obscom.intervozes.org.br\/index.php?rest_route=%2Fwp%2Fv2%2Ftags&post=25973"}],"curies":[{"name":"wp","href":"https:\/\/api.w.org\/{rel}","templated":true}]}}