{"id":25972,"date":"2011-08-17T16:37:20","date_gmt":"2011-08-17T16:37:20","guid":{"rendered":"https:\/\/obscom.intervozes.org.br\/wordpress\/?p=25972"},"modified":"2011-08-17T16:37:20","modified_gmt":"2011-08-17T16:37:20","slug":"massificacao-dos-servicos-depende-de-compartilhamento-de-redes-preve-setor","status":"publish","type":"post","link":"https:\/\/obscom.intervozes.org.br\/?p=25972","title":{"rendered":"Massifica\u00e7\u00e3o dos servi\u00e7os depende de compartilhamento de redes, prev\u00ea setor"},"content":{"rendered":"<p><span class=\"padrao\">Para massificar o acesso aos servi&ccedil;os de telecomunica&ccedil;&otilde;es, as operadoras brasileiras precisam aumentar as iniciativas de compartilhamento de redes, prev&ecirc; Ricardo Distler, da consultoria Accenture.<\/p>\n<p>Na vis&atilde;o dele, a constru&ccedil;&atilde;o e o uso conjunto de redes de telecom reduz os custos das empresas, possibilitando a oferta de servi&ccedil;os a pre&ccedil;os mais baixos. &ldquo;O Brasil tem 50 mil esta&ccedil;&otilde;es radiobase (ERBs), mas apenas 20% da infraestrutura &eacute; compartilhada&rdquo;, comentou.<\/p>\n<p>Ele observou que o uso conjunto de redes &eacute; mais comum na telefonia m&oacute;vel, &ldquo;porque na fixa s&oacute; h&aacute; compartilhamento em transmiss&atilde;o&rdquo;. O pensamento de Distler est&aacute; em linha com o pensamento das operadoras e do governo. Segundo o secret&aacute;rio-executivo do Minist&eacute;rio das Comunica&ccedil;&otilde;es, C&eacute;sar Alvarez, o governo pretende incentivar esse modelo de opera&ccedil;&atilde;o porque acredita que ele trar&aacute; benef&iacute;cios ao mercado. &ldquo;Faz a competi&ccedil;&atilde;o entre as operadoras ficar apenas na melhor presta&ccedil;&atilde;o do servi&ccedil;o&rdquo;, afirmou.<\/p>\n<p>Eduardo Levy, presidente do Sinditelebrasil, entidade que representa as operadoras de telefonia fixa e m&oacute;vel, disse que v&ecirc; o compartilhamento de redes como uma tend&ecirc;ncia mundial, boa para o setor. Entretanto, ele ressaltou que a iniciativa privada &eacute; refrat&aacute;ria quanto &agrave; implanta&ccedil;&atilde;o de redes em conjunto porque &ldquo;temem a forma como o regulador vai encarar se todas usarem uma rede s&oacute;&rdquo;.<\/p>\n<p>J&aacute; a diretora de rela&ccedil;&otilde;es institucionais da Telef&ocirc;nica, Leila Loria, disse que a empresa avalia a possibilidade de construir redes em conjunto com as demais operadoras. No entanto, ela ressaltou que o grupo ainda n&atilde;o tem um modelo de neg&oacute;cios formatado para atuar com redes compartilhadas. &ldquo;De qualquer forma nos interessa, pois, avaliamos com aten&ccedil;&atilde;o todas as possibilidades de reduzir custos&rdquo;, conclui.<\/span><\/p>\n<p>&nbsp;<\/p>\n","protected":false},"excerpt":{"rendered":"<p>Para massificar o acesso aos servi&ccedil;os de telecomunica&ccedil;&otilde;es, as operadoras brasileiras precisam aumentar as iniciativas de compartilhamento de redes, prev&ecirc; Ricardo Distler, da consultoria Accenture. Na vis&atilde;o dele, a constru&ccedil;&atilde;o e o uso conjunto de redes de telecom reduz os custos das empresas, possibilitando a oferta de servi&ccedil;os a pre&ccedil;os mais baixos. &ldquo;O Brasil tem &hellip; <a href=\"https:\/\/obscom.intervozes.org.br\/?p=25972\" class=\"more-link\">Continue lendo <span class=\"screen-reader-text\">Massifica\u00e7\u00e3o dos servi\u00e7os depende de compartilhamento de redes, prev\u00ea setor<\/span> <span class=\"meta-nav\">&rarr;<\/span><\/a><\/p>\n","protected":false},"author":1,"featured_media":0,"comment_status":"open","ping_status":"open","sticky":false,"template":"","format":"standard","meta":{"footnotes":""},"categories":[40],"tags":[645],"_links":{"self":[{"href":"https:\/\/obscom.intervozes.org.br\/index.php?rest_route=\/wp\/v2\/posts\/25972"}],"collection":[{"href":"https:\/\/obscom.intervozes.org.br\/index.php?rest_route=\/wp\/v2\/posts"}],"about":[{"href":"https:\/\/obscom.intervozes.org.br\/index.php?rest_route=\/wp\/v2\/types\/post"}],"author":[{"embeddable":true,"href":"https:\/\/obscom.intervozes.org.br\/index.php?rest_route=\/wp\/v2\/users\/1"}],"replies":[{"embeddable":true,"href":"https:\/\/obscom.intervozes.org.br\/index.php?rest_route=%2Fwp%2Fv2%2Fcomments&post=25972"}],"version-history":[{"count":0,"href":"https:\/\/obscom.intervozes.org.br\/index.php?rest_route=\/wp\/v2\/posts\/25972\/revisions"}],"wp:attachment":[{"href":"https:\/\/obscom.intervozes.org.br\/index.php?rest_route=%2Fwp%2Fv2%2Fmedia&parent=25972"}],"wp:term":[{"taxonomy":"category","embeddable":true,"href":"https:\/\/obscom.intervozes.org.br\/index.php?rest_route=%2Fwp%2Fv2%2Fcategories&post=25972"},{"taxonomy":"post_tag","embeddable":true,"href":"https:\/\/obscom.intervozes.org.br\/index.php?rest_route=%2Fwp%2Fv2%2Ftags&post=25972"}],"curies":[{"name":"wp","href":"https:\/\/api.w.org\/{rel}","templated":true}]}}