{"id":25965,"date":"2011-08-16T14:56:49","date_gmt":"2011-08-16T14:56:49","guid":{"rendered":"https:\/\/obscom.intervozes.org.br\/wordpress\/?p=25965"},"modified":"2011-08-16T14:56:49","modified_gmt":"2011-08-16T14:56:49","slug":"oposicao-discute-plc-116-antes-de-sessao-plenaria","status":"publish","type":"post","link":"https:\/\/obscom.intervozes.org.br\/?p=25965","title":{"rendered":"Oposi\u00e7\u00e3o discute PLC 116 antes de sess\u00e3o plen\u00e1ria"},"content":{"rendered":"<p><span class=\"padrao\"><strong>Helton Posseti &#8211; Tele Time News<\/strong><\/p>\n<p>As respostas do Minicom aos questionamentos do senador &Aacute;lvaro Dias (PSDB-PR) sobre o PLC 116, que permite a entrada das concession&aacute;rias do STFC no mercado de TV a cabo e cria cotas de conte&uacute;do nacional, chegaram ao gabinete do senador nesta segunda, 15. O requerimento, que pedia esclarecimentos ao Minicom sobre o projeto, impediu que o PLC 116 fosse votado na &uacute;ltima quarta, 10.<\/p>\n<p>O assunto foi recolocado na pauta de vota&ccedil;&atilde;o desta ter&ccedil;a, 16, mas n&atilde;o se sabe at&eacute; que ponto o senador ficar&aacute; satisfeito com as respostas encaminhadas pelo Minicom. Portanto, ainda &eacute; incerto o comportamento da bancada oposicionista sobre o assunto. Em tese, um novo requerimento pode adiar novamente a vota&ccedil;&atilde;o. &Agrave;s 13h, uma hora antes do in&iacute;cio da sess&atilde;o, entretanto, a bancada se reunir&aacute; para discutir, entre outros assuntos, o PLC 116.<\/p>\n<p>Confira na homepage do site TELETIME <a href=\"http:\/\/i.teletime.com.br\/arqs\/Outro\/35622.pdf\" target=\"_blank\">as respostas do Minicom<\/a>  ao senador Alvaro Dias. De modo geral, o documento, assinado pelo secret&aacute;rio de telecomunica&ccedil;&otilde;es, Maximiliano Martinh&atilde;o, repete os argumentos j&aacute; colocados pelo governo, mas ressalta que n&atilde;o se trata de um projeto com origem no poder executivo. O PLC 116 foi originalmente proposto pelo deputado Paulo Bornhausen e apensado aos PLs 70\/2007, 332\/2007 e 1908\/2007.<\/p>\n<p>De acordo com informa&ccedil;&otilde;es passadas pelo gabinete do senador Walter Pinheiro (PT\/BA), relator da mat&eacute;ria no Plen&aacute;rio do Senado, a expectativa &eacute; que o projeto seja votado nesta ter&ccedil;a, 16. <\/span><\/p>\n<p>&nbsp;<\/p>\n","protected":false},"excerpt":{"rendered":"<p>Helton Posseti &#8211; Tele Time News As respostas do Minicom aos questionamentos do senador &Aacute;lvaro Dias (PSDB-PR) sobre o PLC 116, que permite a entrada das concession&aacute;rias do STFC no mercado de TV a cabo e cria cotas de conte&uacute;do nacional, chegaram ao gabinete do senador nesta segunda, 15. O requerimento, que pedia esclarecimentos ao &hellip; <a href=\"https:\/\/obscom.intervozes.org.br\/?p=25965\" class=\"more-link\">Continue lendo <span class=\"screen-reader-text\">Oposi\u00e7\u00e3o discute PLC 116 antes de sess\u00e3o plen\u00e1ria<\/span> <span class=\"meta-nav\">&rarr;<\/span><\/a><\/p>\n","protected":false},"author":1,"featured_media":0,"comment_status":"open","ping_status":"open","sticky":false,"template":"","format":"standard","meta":{"footnotes":""},"categories":[39],"tags":[323],"_links":{"self":[{"href":"https:\/\/obscom.intervozes.org.br\/index.php?rest_route=\/wp\/v2\/posts\/25965"}],"collection":[{"href":"https:\/\/obscom.intervozes.org.br\/index.php?rest_route=\/wp\/v2\/posts"}],"about":[{"href":"https:\/\/obscom.intervozes.org.br\/index.php?rest_route=\/wp\/v2\/types\/post"}],"author":[{"embeddable":true,"href":"https:\/\/obscom.intervozes.org.br\/index.php?rest_route=\/wp\/v2\/users\/1"}],"replies":[{"embeddable":true,"href":"https:\/\/obscom.intervozes.org.br\/index.php?rest_route=%2Fwp%2Fv2%2Fcomments&post=25965"}],"version-history":[{"count":0,"href":"https:\/\/obscom.intervozes.org.br\/index.php?rest_route=\/wp\/v2\/posts\/25965\/revisions"}],"wp:attachment":[{"href":"https:\/\/obscom.intervozes.org.br\/index.php?rest_route=%2Fwp%2Fv2%2Fmedia&parent=25965"}],"wp:term":[{"taxonomy":"category","embeddable":true,"href":"https:\/\/obscom.intervozes.org.br\/index.php?rest_route=%2Fwp%2Fv2%2Fcategories&post=25965"},{"taxonomy":"post_tag","embeddable":true,"href":"https:\/\/obscom.intervozes.org.br\/index.php?rest_route=%2Fwp%2Fv2%2Ftags&post=25965"}],"curies":[{"name":"wp","href":"https:\/\/api.w.org\/{rel}","templated":true}]}}