{"id":25960,"date":"2011-08-15T17:33:04","date_gmt":"2011-08-15T17:33:04","guid":{"rendered":"https:\/\/obscom.intervozes.org.br\/wordpress\/?p=25960"},"modified":"2011-08-15T17:33:04","modified_gmt":"2011-08-15T17:33:04","slug":"amarc-propoe-criacao-de-fundo-publico-para-comunicacao-comunitaria","status":"publish","type":"post","link":"https:\/\/obscom.intervozes.org.br\/?p=25960","title":{"rendered":"Amarc prop\u00f5e cria\u00e7\u00e3o de fundo p\u00fablico para comunica\u00e7\u00e3o comunit\u00e1ria"},"content":{"rendered":"<p><span class=\"padrao\">O financiamento para as r&aacute;dios comunit&aacute;rias foi um dos temas mais debatidos durante o Semin&aacute;rio de Legisla&ccedil;&atilde;o e Direito &agrave; Comunica&ccedil;&atilde;o da Associa&ccedil;&atilde;o Mundial de R&aacute;dios Comunit&aacute;rias (Amarc), realizado no &uacute;ltimo dia 11 de agosto na cidade do Rio de Janeiro. Para o novo representante da Amarc-Brasil, Arthur William, &eacute; preciso pensar em um fundo p&uacute;blico para possibilitar a operacionalidade dos meios de comunica&ccedil;&atilde;o comunit&aacute;rios.<\/p>\n<p>William assume com o compromisso ainda de lutar pela implementa&ccedil;&atilde;o de um novo marco para as comunica&ccedil;&otilde;es. &ldquo;A Amarc vai atuar junto com r&aacute;dios comunit&aacute;rias e entidades do movimento social, unindo for&ccedil;as para que o marco regulat&oacute;rio traga avan&ccedil;os para a garantia do direito humano &agrave; comunica&ccedil;&atilde;o&rdquo;, enfatiza.<\/p>\n<p>Outro grave erro apontado pelo militante na atual legisla&ccedil;&atilde;o &eacute; em rela&ccedil;&atilde;o &agrave; criminaliza&ccedil;&atilde;o dos meios comunit&aacute;rios. &ldquo;&Eacute; um absurdo um comunicador ser levado em um cambur&atilde;o por estar prestando um servi&ccedil;o de utilidade p&uacute;blica. N&oacute;s cumprimos esse servi&ccedil;o que n&atilde;o &eacute; desempenhado pelos grandes meios, mas somos criminalizados&rdquo;, critica.<\/p>\n<p>Em rela&ccedil;&atilde;o ao financiamento para as r&aacute;dios, o representante nacional da Amarc faz duras cr&iacute;ticas. &ldquo;N&atilde;o queremos mesadinha, temos que debater financiamento para as r&aacute;dios comunit&aacute;rias. A publicidade estatal tem que ser feita por lei&rdquo;. Ainda segundo Arthur, enquanto os grandes meios recebem muito com a publicidade estatal, as r&aacute;dios comunit&aacute;rias ficam na depend&ecirc;ncia do apoio cultural.<\/p>\n<p><strong>Nova composi&ccedil;&atilde;o da Amarc-Brasil<\/strong><\/p>\n<p>Al&eacute;m de eleger Arthur como representante nacional, a Amarc-Brasil, que esteve reunida entre os dias 11 e 14 de agosto em sua IX Assembleia, escolheu ainda <\/span><span class=\"padrao\">Jo&atilde;o Paulo Malerba, como <\/span><span class=\"padrao\">coordenador-executivo da entidade e Denise Viola para comandar a Rede de Mulheres da associa&ccedil;&atilde;o. Foi escolhido ainda o novo conselho da entidade, que em sua nova gest&atilde;o traz: a R&aacute;dio Comunit&aacute;ria Independ&ecirc;ncia, do Cear&aacute;; o associado individual Diocl&eacute;cio Luz, pesquisador de r&aacute;dios comunit&aacute;rias em Bras&iacute;lia; e o Il&ecirc; Mulher, do Rio Grande do Sul. A R&aacute;dio Comunit&aacute;ria Nativa FM, de Altamira, no Par&aacute;; e a Associa&ccedil;&atilde;o Brasileira de Radiodifus&atilde;o Comunit&aacute;ria (Abra&ccedil;o) do Norte do Cear&aacute;, ficaram como suplentes. Todos cumprir&atilde;o uma gest&atilde;o de dois anos.<\/p>\n<p><em>Com informa&ccedil;&otilde;es da Ag&ecirc;ncia Pulsar<\/em><\/span><\/p>\n","protected":false},"excerpt":{"rendered":"<p>Entidade ir&aacute; atuar para implementar instrumentos de financiamento estatal que garanta a sobreviv&ecirc;ncia das r&aacute;dios em todo o pa&iacute;s<\/p>\n","protected":false},"author":1,"featured_media":0,"comment_status":"open","ping_status":"open","sticky":false,"template":"","format":"standard","meta":{"footnotes":""},"categories":[40],"tags":[230],"_links":{"self":[{"href":"https:\/\/obscom.intervozes.org.br\/index.php?rest_route=\/wp\/v2\/posts\/25960"}],"collection":[{"href":"https:\/\/obscom.intervozes.org.br\/index.php?rest_route=\/wp\/v2\/posts"}],"about":[{"href":"https:\/\/obscom.intervozes.org.br\/index.php?rest_route=\/wp\/v2\/types\/post"}],"author":[{"embeddable":true,"href":"https:\/\/obscom.intervozes.org.br\/index.php?rest_route=\/wp\/v2\/users\/1"}],"replies":[{"embeddable":true,"href":"https:\/\/obscom.intervozes.org.br\/index.php?rest_route=%2Fwp%2Fv2%2Fcomments&post=25960"}],"version-history":[{"count":0,"href":"https:\/\/obscom.intervozes.org.br\/index.php?rest_route=\/wp\/v2\/posts\/25960\/revisions"}],"wp:attachment":[{"href":"https:\/\/obscom.intervozes.org.br\/index.php?rest_route=%2Fwp%2Fv2%2Fmedia&parent=25960"}],"wp:term":[{"taxonomy":"category","embeddable":true,"href":"https:\/\/obscom.intervozes.org.br\/index.php?rest_route=%2Fwp%2Fv2%2Fcategories&post=25960"},{"taxonomy":"post_tag","embeddable":true,"href":"https:\/\/obscom.intervozes.org.br\/index.php?rest_route=%2Fwp%2Fv2%2Ftags&post=25960"}],"curies":[{"name":"wp","href":"https:\/\/api.w.org\/{rel}","templated":true}]}}