{"id":25959,"date":"2011-08-15T16:17:21","date_gmt":"2011-08-15T16:17:21","guid":{"rendered":"https:\/\/obscom.intervozes.org.br\/wordpress\/?p=25959"},"modified":"2011-08-15T16:17:21","modified_gmt":"2011-08-15T16:17:21","slug":"criacao-de-telebras-fez-custo-da-banda-larga-cair-a-metade","status":"publish","type":"post","link":"https:\/\/obscom.intervozes.org.br\/?p=25959","title":{"rendered":"Cria\u00e7\u00e3o de Telebr\u00e1s fez custo da banda larga cair \u00e0 metade"},"content":{"rendered":"<p><span class=\"padrao\">O Semin&aacute;rio &quot;O Futuro das  Telecomunica&ccedil;&otilde;es no Brasil&quot; contou com o debate sobre as perspectivas  das telecomunica&ccedil;&otilde;es&nbsp; no pa&iacute;s e do PNBL. Bonilha apontou a desigualdade  na explora&ccedil;&atilde;o do servi&ccedil;o de banda larga: apenas 5% de grandes provedores  atendem a 91% do mercado, enquanto 1576 pequenos e m&eacute;dios atendem os 9%  restantes.<\/p>\n<p><\/span>No Plano lan&ccedil;ado pelo governo, a Telebr&aacute;s deve prover a  infraestrutura das redes de suporte aos servi&ccedil;os de telecomunica&ccedil;&otilde;es.  Contudo, a conex&atilde;o &agrave; internet em banda larga para usu&aacute;rios finais ser&aacute;  feita por empresas privadas.<\/p>\n<p>De acordo com Bonilha, segmentos do  setor privado est&atilde;o assustados com o fato de que a Telebr&aacute;s pretende  prover infraestrutura de rede para operadores de qualquer tamanho com  igualdade de condi&ccedil;&otilde;es e de pre&ccedil;o.<\/p>\n<p>O presidente da Telebr&aacute;s  garantiu que a empresa chegar&aacute; a 77% dos munic&iacute;pios e que at&eacute; o ano que  vem estar&aacute; operando do Amap&aacute; ao Rio Grande do Sul. Segundo ele, o  governo n&atilde;o est&aacute; pagando mais para ampliar a rede com tecnologia de  ponta nacional e, em alguns casos, est&aacute; pagando at&eacute; menos.<\/p>\n<p>Vai ser  realizado na tarde de hoje (15) em S&atilde;o Paulo um ato da &quot;Campanha A  Banda Larga &eacute; um Direito Seu!&quot;. As organiza&ccedil;&otilde;es envolvidas criticam o  acordo do Minist&eacute;rio das Comunica&ccedil;&otilde;es com as empresas de  telecomunica&ccedil;&otilde;es privadas para a implementa&ccedil;&atilde;o do PNBL.<\/p>\n<p>De acordo  com a Campanha, os usu&aacute;rios  continuar&atilde;o pagando caro pelo uso de uma  internet lenta e concentrada nas faixas de maior poder aquisitivo.<\/p>\n","protected":false},"excerpt":{"rendered":"<p>O Semin&aacute;rio &quot;O Futuro das Telecomunica&ccedil;&otilde;es no Brasil&quot; contou com o debate sobre as perspectivas das telecomunica&ccedil;&otilde;es&nbsp; no pa&iacute;s e do PNBL. Bonilha apontou a desigualdade na explora&ccedil;&atilde;o do servi&ccedil;o de banda larga: apenas 5% de grandes provedores atendem a 91% do mercado, enquanto 1576 pequenos e m&eacute;dios atendem os 9% restantes. No Plano lan&ccedil;ado &hellip; <a href=\"https:\/\/obscom.intervozes.org.br\/?p=25959\" class=\"more-link\">Continue lendo <span class=\"screen-reader-text\">Cria\u00e7\u00e3o de Telebr\u00e1s fez custo da banda larga cair \u00e0 metade<\/span> <span class=\"meta-nav\">&rarr;<\/span><\/a><\/p>\n","protected":false},"author":1,"featured_media":0,"comment_status":"open","ping_status":"open","sticky":false,"template":"","format":"standard","meta":{"footnotes":""},"categories":[40],"tags":[150],"_links":{"self":[{"href":"https:\/\/obscom.intervozes.org.br\/index.php?rest_route=\/wp\/v2\/posts\/25959"}],"collection":[{"href":"https:\/\/obscom.intervozes.org.br\/index.php?rest_route=\/wp\/v2\/posts"}],"about":[{"href":"https:\/\/obscom.intervozes.org.br\/index.php?rest_route=\/wp\/v2\/types\/post"}],"author":[{"embeddable":true,"href":"https:\/\/obscom.intervozes.org.br\/index.php?rest_route=\/wp\/v2\/users\/1"}],"replies":[{"embeddable":true,"href":"https:\/\/obscom.intervozes.org.br\/index.php?rest_route=%2Fwp%2Fv2%2Fcomments&post=25959"}],"version-history":[{"count":0,"href":"https:\/\/obscom.intervozes.org.br\/index.php?rest_route=\/wp\/v2\/posts\/25959\/revisions"}],"wp:attachment":[{"href":"https:\/\/obscom.intervozes.org.br\/index.php?rest_route=%2Fwp%2Fv2%2Fmedia&parent=25959"}],"wp:term":[{"taxonomy":"category","embeddable":true,"href":"https:\/\/obscom.intervozes.org.br\/index.php?rest_route=%2Fwp%2Fv2%2Fcategories&post=25959"},{"taxonomy":"post_tag","embeddable":true,"href":"https:\/\/obscom.intervozes.org.br\/index.php?rest_route=%2Fwp%2Fv2%2Ftags&post=25959"}],"curies":[{"name":"wp","href":"https:\/\/api.w.org\/{rel}","templated":true}]}}