{"id":25955,"date":"2011-08-15T14:35:28","date_gmt":"2011-08-15T14:35:28","guid":{"rendered":"https:\/\/obscom.intervozes.org.br\/wordpress\/?p=25955"},"modified":"2011-08-15T14:35:28","modified_gmt":"2011-08-15T14:35:28","slug":"consulta-publica-sobre-marco-regulatorio-sai-em-ate-90-dias","status":"publish","type":"post","link":"https:\/\/obscom.intervozes.org.br\/?p=25955","title":{"rendered":"Consulta p\u00fablica sobre Marco Regulat\u00f3rio sai em at\u00e9 90 dias"},"content":{"rendered":"<p><span class=\"padrao\"><strong>Rosa Leal &#8211; Instituto Telecom<\/strong><\/p>\n<p>Foi o que afirmou o secret&aacute;rio executivo do Minist&eacute;rio das Comunica&ccedil;&otilde;es, Cesar Alvarez, durante palestra no Semin&aacute;rio O Futuro das Telecomunica&ccedil;&otilde;es, realizado no Rio no dia 12 de agosto, promo&ccedil;&atilde;o do Clube de Engenharia e da revista Carta Capital com apoio de v&aacute;rias entidades, dentre as quais o Instituto Telecom.<\/p>\n<p>Alvarez enfatizou que as pol&iacute;ticas de telecomunica&ccedil;&otilde;es e comunica&ccedil;&otilde;es foram estrat&eacute;gicas para o governo Lula e s&atilde;o estrat&eacute;gicas para o governo Dilma. Mas, ressaltou, apesar de ser uma pol&iacute;tica p&uacute;blica necess&aacute;ria precisa ser conquistada, &ldquo;pois est&aacute; al&eacute;m de um partido, de uma coliga&ccedil;&atilde;o. &Eacute; uma din&acirc;mica social&rdquo;. Ao responder a uma pergunta do Instituto Telecom, que cobrou defini&ccedil;&atilde;o do governo sobre a explora&ccedil;&atilde;o do servi&ccedil;o de banda larga em regime p&uacute;blico, Cesar Alvarez disse que embora esta n&atilde;o seja uma discuss&atilde;o irrelevante, &ldquo;&eacute; equivocada&rdquo;. E listou uma s&eacute;rie de procedimentos burocr&aacute;ticos que, segundo ele, seriam necess&aacute;rios para tornar poss&iacute;vel a banda larga em regime p&uacute;blico. Ele defendeu a posi&ccedil;&atilde;o do governo, de assinar o Termo de Compromisso com as operadoras, estipulando velocidade de 1 mega e custo da assinatura em 35 reais, como forma de massificar a banda larga. Disse ainda que a Anatel est&aacute; trabalhando no incremento de indicadores de qualidade que possam medir a velocidade de conex&atilde;o efetivamente oferecida ao usu&aacute;rio.<\/p>\n<p>O secret&aacute;rio executivo destacou tamb&eacute;m a necessidade do Brasil voltar a produzir conhecimento e inova&ccedil;&atilde;o na &aacute;rea de Tecnologias da Informa&ccedil;&atilde;o e Comunica&ccedil;&atilde;o (TIC). Ele lembrou que a partir dos anos 1990 o pa&iacute;s praticamente parou de produzir conhecimento em TICs, o que pode ser constatado pela redu&ccedil;&atilde;o brutal no n&uacute;mero de patentes registradas e de artigos indexados em publica&ccedil;&otilde;es internacionais. &ldquo;Como n&atilde;o houve pol&iacute;ticas p&uacute;blicas que permitissem a produ&ccedil;&atilde;o do conhecimento e o patenteamento de produtos, n&atilde;o ser&aacute; em dois governos que voltaremos ao patamar anterior&rdquo;, disse ele, acrescentando que o governo trabalha com vis&atilde;o de que as TICs s&atilde;o estrat&eacute;gicas para a soberania do pa&iacute;s.<\/p>\n<p>O presidente da Telebr&aacute;s, Caio Bonilha, endossou as afirma&ccedil;&otilde;es de Alvarez informando que, em parceria com a PUC, o Centro de Pesquisas da Telebr&aacute;s est&aacute; sendo remontado. A inten&ccedil;&atilde;o &eacute; criar n&uacute;cleos no pa&iacute;s para dar oportunidade a que os inventores possam patentear seus produtos com a Telebr&aacute;s.<\/span><\/p>\n","protected":false},"excerpt":{"rendered":"<p>Rosa Leal &#8211; Instituto Telecom Foi o que afirmou o secret&aacute;rio executivo do Minist&eacute;rio das Comunica&ccedil;&otilde;es, Cesar Alvarez, durante palestra no Semin&aacute;rio O Futuro das Telecomunica&ccedil;&otilde;es, realizado no Rio no dia 12 de agosto, promo&ccedil;&atilde;o do Clube de Engenharia e da revista Carta Capital com apoio de v&aacute;rias entidades, dentre as quais o Instituto Telecom. &hellip; <a href=\"https:\/\/obscom.intervozes.org.br\/?p=25955\" class=\"more-link\">Continue lendo <span class=\"screen-reader-text\">Consulta p\u00fablica sobre Marco Regulat\u00f3rio sai em at\u00e9 90 dias<\/span> <span class=\"meta-nav\">&rarr;<\/span><\/a><\/p>\n","protected":false},"author":1,"featured_media":0,"comment_status":"open","ping_status":"open","sticky":false,"template":"","format":"standard","meta":{"footnotes":""},"categories":[39],"tags":[],"_links":{"self":[{"href":"https:\/\/obscom.intervozes.org.br\/index.php?rest_route=\/wp\/v2\/posts\/25955"}],"collection":[{"href":"https:\/\/obscom.intervozes.org.br\/index.php?rest_route=\/wp\/v2\/posts"}],"about":[{"href":"https:\/\/obscom.intervozes.org.br\/index.php?rest_route=\/wp\/v2\/types\/post"}],"author":[{"embeddable":true,"href":"https:\/\/obscom.intervozes.org.br\/index.php?rest_route=\/wp\/v2\/users\/1"}],"replies":[{"embeddable":true,"href":"https:\/\/obscom.intervozes.org.br\/index.php?rest_route=%2Fwp%2Fv2%2Fcomments&post=25955"}],"version-history":[{"count":0,"href":"https:\/\/obscom.intervozes.org.br\/index.php?rest_route=\/wp\/v2\/posts\/25955\/revisions"}],"wp:attachment":[{"href":"https:\/\/obscom.intervozes.org.br\/index.php?rest_route=%2Fwp%2Fv2%2Fmedia&parent=25955"}],"wp:term":[{"taxonomy":"category","embeddable":true,"href":"https:\/\/obscom.intervozes.org.br\/index.php?rest_route=%2Fwp%2Fv2%2Fcategories&post=25955"},{"taxonomy":"post_tag","embeddable":true,"href":"https:\/\/obscom.intervozes.org.br\/index.php?rest_route=%2Fwp%2Fv2%2Ftags&post=25955"}],"curies":[{"name":"wp","href":"https:\/\/api.w.org\/{rel}","templated":true}]}}