{"id":25951,"date":"2011-08-12T13:11:03","date_gmt":"2011-08-12T13:11:03","guid":{"rendered":"https:\/\/obscom.intervozes.org.br\/wordpress\/?p=25951"},"modified":"2014-09-07T03:02:07","modified_gmt":"2014-09-07T03:02:07","slug":"conselho-curador-pede-a-dilma-uma-definicao-sobre-o-operador-de-rede-digital-dos-canais-publicos","status":"publish","type":"post","link":"https:\/\/obscom.intervozes.org.br\/?p=25951","title":{"rendered":"Conselho Curador pede \u00e0 Dilma uma defini\u00e7\u00e3o sobre o Operador de Rede Digital dos canais p\u00fablicos"},"content":{"rendered":"\n<p style=\"margin-bottom: 0cm\" class=\"padrao\">Com a evidente falta de entendimento do Governo Federal sobre quem deve ser o &oacute;rg&atilde;o que ir&aacute; cuidar da implanta&ccedil;&atilde;o do Operador de Rede Digital para o campo p&uacute;blico de televis&atilde;o, o Conselho Curador da Empresa Brasil de Comunica&ccedil;&atilde;o (EBC) enviou &agrave; presidente Dilma Rousseff, em 3 de agosto, uma carta buscando sensibiliz&aacute;-la da import&acirc;ncia do projeto e solicitando rapidez no andamento do projeto.  <\/p>\n<p style=\"margin-bottom: 0cm\" class=\"western\"> <\/p>\n<p style=\"margin-bottom: 0cm\" class=\"padrao\">Tecnicamente conhecido como Rede Nacional de Televis&atilde;o P&uacute;blica Digital (RNTPD), o projeto busca viabilizar uma infraestrutura compartilhada para que as emissoras do campo p&uacute;blico (EBC, canais legislativos, executivos, comunit&aacute;rios e educativos) digitalizem suas transmiss&otilde;es. O problema &eacute; que a discuss&atilde;o em torno da proposta come&ccedil;ou em 2008 e ainda n&atilde;o se resolveu. Inicialmente a ideia era executar o projeto por meio de uma Parceria P&uacute;blico-Privada, que custaria R$ 2,98 bilh&otilde;es. Com a reativa&ccedil;&atilde;o da Telebras, foi cogitado que a empresa fa&ccedil;a a rede ou pelo menos parte dela e at&eacute; ent&atilde;o nada foi decidido (Leia:<a href=\"http:\/\/localhost\/intervozes_direitoacomunicacao\/wordpress\/?p=25764\" target=\"_blank\">Infraestrutura compartilhada para transmiss&atilde;o digital n&atilde;o &eacute; prioridade <\/a>).<\/p>\n<p style=\"margin-bottom: 0cm\" class=\"western\"> <\/p>\n<p class=\"padrao\">Veja &iacute;ntegra da carta do Conselho Curador &agrave; presidente:<\/p>\n<p class=\"western\"><span class=\"padrao\"><\/p>\n<p><\/span> <\/p>\n<p style=\"margin-bottom: 0cm\" class=\"western\"><em><span class=\"padrao\">O Conselho Curador da Empresa Brasil de Comunica&ccedil;&atilde;o (EBC), &oacute;rg&atilde;o aut&ocirc;nomo respons&aacute;vel por zelar pelo cumprimento da miss&atilde;o p&uacute;blica da EBC, dirige-se respeitosamente a Vossa Excel&ecirc;ncia para manifestar preocupa&ccedil;&atilde;o com o andamento da implementa&ccedil;&atilde;o do Operador de Rede Digital para as emissoras de televis&atilde;o do campo p&uacute;blico, projeto tecnicamente denominado RNTPD &ndash; Rede Nacional de Televis&atilde;o P&uacute;blica Digital. <\/p>\n<p><\/span><\/em> <\/p>\n<p style=\"margin-bottom: 0cm\" class=\"padrao\"><em>Em discuss&atilde;o no &acirc;mbito da EBC e do Governo Federal desde 2008, o projeto da RNTPD &eacute; fundamental para que o campo p&uacute;blico de televis&atilde;o participe do processo de migra&ccedil;&atilde;o da televis&atilde;o anal&oacute;gica para a digital em condi&ccedil;&otilde;es ison&ocirc;micas em rela&ccedil;&atilde;o &agrave;s emissoras de car&aacute;ter comercial. <\/em><\/p>\n<p style=\"margin-bottom: 0cm\" class=\"padrao\">&nbsp;<\/p>\n<p style=\"margin-bottom: 0cm\" class=\"western\"><em><span class=\"padrao\">Tendo em vista a data fixada pelo Governo Federal para o desligamento das transmiss&otilde;es anal&oacute;gicas (2016), consideramos urgente que as defini&ccedil;&otilde;es acerca da RNTPD avancem de forma c&eacute;lere, para que o processo de implementa&ccedil;&atilde;o desta infraestrutura se inicie o mais brevemente poss&iacute;vel. <\/p>\n<p><\/span><\/em> <\/p>\n<p style=\"margin-bottom: 0cm\" class=\"western\"><em><span class=\"padrao\">Temos consci&ecirc;ncia que os esfor&ccedil;os feitos pela EBC e pelo Governo Federal fizeram avan&ccedil;ar significativamente o desenho t&eacute;cnico, jur&iacute;dico e econ&ocirc;mico do projeto. Recebemos de forma positiva, inclusive, em novembro de 2010, informa&ccedil;&otilde;es a respeito do di&aacute;logo com a Telebr&aacute;s, o que garantiria que a infraestrutura &ndash; fundamental para os interesses de nossa democracia &ndash; seja mantida e operada por institui&ccedil;&otilde;es p&uacute;blicas nacionais. <\/p>\n<p><\/span><\/em> <\/p>\n<p style=\"margin-bottom: 0cm\" class=\"western\"><em><span class=\"padrao\">Desde ent&atilde;o, contudo, informa&ccedil;&otilde;es d&atilde;o conta que pouco se avan&ccedil;ou, tendo permanecido inconclusas defini&ccedil;&otilde;es a respeito de aspectos referentes &agrave; RNTPD, como o desenho final de sua arquitetura, o modelo de explora&ccedil;&atilde;o do servi&ccedil;o, bem como o cronograma de implementa&ccedil;&atilde;o do projeto. <\/p>\n<p><\/span><\/em> <\/p>\n<p style=\"margin-bottom: 0cm\" class=\"western\"><em><span class=\"padrao\">Preocupa-nos, sobretudo, a possibilidade do campo p&uacute;blico de televis&atilde;o n&atilde;o acompanhar de forma consistente o processo de migra&ccedil;&atilde;o da televis&atilde;o anal&oacute;gica para a digital, o que pode prejudicar substancialmente o desenvolvimento das emissoras mantidas pela EBC e das demais parceiras do campo p&uacute;blico de televis&atilde;o. <\/p>\n<p><\/span><\/em> <\/p>\n<p style=\"margin-bottom: 0cm\" class=\"padrao\"><em>Dessa forma, os senhores e senhoras membros do Conselho Curador da EBC, aprovaram, em sua 28a reuni&atilde;o, realizada no dia 29 de junho de 2011, em Bras&iacute;lia, que nos dirig&iacute;ssemos a Vossa Excel&ecirc;ncia no intuito de buscar sensibiliz&aacute;-la para a import&acirc;ncia deste projeto para o desenvolvimento da EBC e de todo o campo p&uacute;blico de televis&atilde;o.<\/em><\/p>\n<p style=\"margin-bottom: 0cm\" class=\"padrao\">&nbsp;<\/p>\n<p style=\"margin-bottom: 0cm\" class=\"western\"><em><span class=\"padrao\">Imbu&iacute;dos do mesmo esp&iacute;rito democr&aacute;tico que rege as a&ccedil;&otilde;es desta Presid&ecirc;ncia da Rep&uacute;blica, agrade&ccedil;o antecipadamente e coloco-me &agrave; disposi&ccedil;&atilde;o para quaisquer esclarecimentos,<\/span><\/em><\/p>\n<p><em><br \/><\/em><\/p>\n<p style=\"margin-bottom: 0cm\" class=\"western\"><em><br \/><\/em> <\/p>\n<p style=\"margin-bottom: 0cm\" class=\"padrao\"><em>Ima C&eacute;lia Guimar&atilde;es Vieira,<\/em><\/p>\n<p style=\"margin-bottom: 0cm\" class=\"padrao\"><em>Presidente do Conselho Curador da EBC<\/em><\/p>\n","protected":false},"excerpt":{"rendered":"<p>Em discuss&atilde;o desde 2008, o projeto para digitaliza&ccedil;&atilde;o dos canais p&uacute;blicos segue sem defini&ccedil;&atilde;o dentro do governo<\/p>\n","protected":false},"author":1,"featured_media":0,"comment_status":"open","ping_status":"open","sticky":false,"template":"","format":"standard","meta":{"footnotes":""},"categories":[40],"tags":[601],"_links":{"self":[{"href":"https:\/\/obscom.intervozes.org.br\/index.php?rest_route=\/wp\/v2\/posts\/25951"}],"collection":[{"href":"https:\/\/obscom.intervozes.org.br\/index.php?rest_route=\/wp\/v2\/posts"}],"about":[{"href":"https:\/\/obscom.intervozes.org.br\/index.php?rest_route=\/wp\/v2\/types\/post"}],"author":[{"embeddable":true,"href":"https:\/\/obscom.intervozes.org.br\/index.php?rest_route=\/wp\/v2\/users\/1"}],"replies":[{"embeddable":true,"href":"https:\/\/obscom.intervozes.org.br\/index.php?rest_route=%2Fwp%2Fv2%2Fcomments&post=25951"}],"version-history":[{"count":1,"href":"https:\/\/obscom.intervozes.org.br\/index.php?rest_route=\/wp\/v2\/posts\/25951\/revisions"}],"predecessor-version":[{"id":28258,"href":"https:\/\/obscom.intervozes.org.br\/index.php?rest_route=\/wp\/v2\/posts\/25951\/revisions\/28258"}],"wp:attachment":[{"href":"https:\/\/obscom.intervozes.org.br\/index.php?rest_route=%2Fwp%2Fv2%2Fmedia&parent=25951"}],"wp:term":[{"taxonomy":"category","embeddable":true,"href":"https:\/\/obscom.intervozes.org.br\/index.php?rest_route=%2Fwp%2Fv2%2Fcategories&post=25951"},{"taxonomy":"post_tag","embeddable":true,"href":"https:\/\/obscom.intervozes.org.br\/index.php?rest_route=%2Fwp%2Fv2%2Ftags&post=25951"}],"curies":[{"name":"wp","href":"https:\/\/api.w.org\/{rel}","templated":true}]}}