{"id":25948,"date":"2011-08-11T15:50:09","date_gmt":"2011-08-11T15:50:09","guid":{"rendered":"https:\/\/obscom.intervozes.org.br\/wordpress\/?p=25948"},"modified":"2011-08-11T15:50:09","modified_gmt":"2011-08-11T15:50:09","slug":"mercadante-banda-larga-e-inclusao-digital-escolar-serao-feitas-com-producao-local","status":"publish","type":"post","link":"https:\/\/obscom.intervozes.org.br\/?p=25948","title":{"rendered":"Mercadante: Banda Larga e inclus\u00e3o digital escolar ser\u00e3o feitas com produ\u00e7\u00e3o local"},"content":{"rendered":"<p><span class=\"padrao\"><strong>Luiz Queiroz &#8211; Converg&ecirc;ncia Digital<\/strong><\/p>\n<p>O ministro da Ci&ecirc;ncia, Tecnologia e Inova&ccedil;&atilde;o, Alo&iacute;zio Mercadante, reafirmou nesta quarta-feira,10\/08, que o governo usar&aacute; o seu poder de compra para exigir da ind&uacute;stria de TICs a produ&ccedil;&atilde;o local. Essa estrat&eacute;gia j&aacute; havia sido anunciada, na semana passada, pela presidenta Dilma Rousseff, durante o lan&ccedil;amento do programa &quot;Brasil Maior&quot;.<\/p>\n<p>Segundo o ministro, al&eacute;m dos grandes eventos como Copa do Mundo e Olimp&iacute;adas, a ind&uacute;stria de hardware software deve prestar a aten&ccedil;&atilde;o para as futuras compras do governo em programas como, Banda Larga e Inclus&atilde;o Digital nas escolas. A regra nas compras ser&aacute; dar prioridade para quem esteja produzindo no Brasil.<\/p>\n<p>&quot;N&oacute;s poderemos pagar at&eacute; 25% &agrave; mais, para produtos que gerem empregos e inova&ccedil;&atilde;o no pa&iacute;s&quot;, alertou Mercadante, durante evento promovido pelo IDC e pela Brasscom sobre TI e Telecomunica&ccedil;&otilde;es na Copa e nas Olimp&iacute;adas.<\/span><\/p>\n","protected":false},"excerpt":{"rendered":"<p>Luiz Queiroz &#8211; Converg&ecirc;ncia Digital O ministro da Ci&ecirc;ncia, Tecnologia e Inova&ccedil;&atilde;o, Alo&iacute;zio Mercadante, reafirmou nesta quarta-feira,10\/08, que o governo usar&aacute; o seu poder de compra para exigir da ind&uacute;stria de TICs a produ&ccedil;&atilde;o local. Essa estrat&eacute;gia j&aacute; havia sido anunciada, na semana passada, pela presidenta Dilma Rousseff, durante o lan&ccedil;amento do programa &quot;Brasil Maior&quot;. &hellip; <a href=\"https:\/\/obscom.intervozes.org.br\/?p=25948\" class=\"more-link\">Continue lendo <span class=\"screen-reader-text\">Mercadante: Banda Larga e inclus\u00e3o digital escolar ser\u00e3o feitas com produ\u00e7\u00e3o local<\/span> <span class=\"meta-nav\">&rarr;<\/span><\/a><\/p>\n","protected":false},"author":1,"featured_media":0,"comment_status":"open","ping_status":"open","sticky":false,"template":"","format":"standard","meta":{"footnotes":""},"categories":[39],"tags":[],"_links":{"self":[{"href":"https:\/\/obscom.intervozes.org.br\/index.php?rest_route=\/wp\/v2\/posts\/25948"}],"collection":[{"href":"https:\/\/obscom.intervozes.org.br\/index.php?rest_route=\/wp\/v2\/posts"}],"about":[{"href":"https:\/\/obscom.intervozes.org.br\/index.php?rest_route=\/wp\/v2\/types\/post"}],"author":[{"embeddable":true,"href":"https:\/\/obscom.intervozes.org.br\/index.php?rest_route=\/wp\/v2\/users\/1"}],"replies":[{"embeddable":true,"href":"https:\/\/obscom.intervozes.org.br\/index.php?rest_route=%2Fwp%2Fv2%2Fcomments&post=25948"}],"version-history":[{"count":0,"href":"https:\/\/obscom.intervozes.org.br\/index.php?rest_route=\/wp\/v2\/posts\/25948\/revisions"}],"wp:attachment":[{"href":"https:\/\/obscom.intervozes.org.br\/index.php?rest_route=%2Fwp%2Fv2%2Fmedia&parent=25948"}],"wp:term":[{"taxonomy":"category","embeddable":true,"href":"https:\/\/obscom.intervozes.org.br\/index.php?rest_route=%2Fwp%2Fv2%2Fcategories&post=25948"},{"taxonomy":"post_tag","embeddable":true,"href":"https:\/\/obscom.intervozes.org.br\/index.php?rest_route=%2Fwp%2Fv2%2Ftags&post=25948"}],"curies":[{"name":"wp","href":"https:\/\/api.w.org\/{rel}","templated":true}]}}