{"id":25946,"date":"2011-08-11T15:42:09","date_gmt":"2011-08-11T15:42:09","guid":{"rendered":"https:\/\/obscom.intervozes.org.br\/wordpress\/?p=25946"},"modified":"2011-08-11T15:42:09","modified_gmt":"2011-08-11T15:42:09","slug":"tcu-aprova-renegociacao-de-precos-feita-pela-telebras-com-empresas-vencedoras-de-leilao-do-pnbl","status":"publish","type":"post","link":"https:\/\/obscom.intervozes.org.br\/?p=25946","title":{"rendered":"TCU aprova renegocia\u00e7\u00e3o de pre\u00e7os feita pela Telebras com empresas vencedoras de leil\u00e3o do PNBL"},"content":{"rendered":"<p><span class=\"padrao\">O Tribunal de Contas da Uni&atilde;o (TCU) aprovou, hoje (10), a renegocia&ccedil;&atilde;o de pre&ccedil;os feita pela Telebras com as empresas vencedoras do preg&atilde;o para a contrata&ccedil;&atilde;o de infraestrutura para os pontos de presen&ccedil;a da rede nacional de telecomunica&ccedil;&atilde;o que atender&aacute; o Programa Nacional de Banda Larga (PNBL).<\/p>\n<p>Segundo a estatal, o acordo resultou em uma redu&ccedil;&atilde;o de R$ 43,9 milh&otilde;es no fornecimento de infraestrutura para os an&eacute;is Sudeste, Nordeste e Sul.<\/p>\n<p>Com a decis&atilde;o, a Telebras pode realizar novos contratos para equipar os pontos de presen&ccedil;a, que s&atilde;o as esta&ccedil;&otilde;es que abrigam a infraestrutura e os equipamentos para o funcionamento das fibras &oacute;pticas do PNBL.<\/p>\n<p>Por determina&ccedil;&atilde;o do TCU, a Telebras ainda n&atilde;o havia realizado novas contrata&ccedil;&otilde;es e nem emitiu novas ordens de servi&ccedil;os para os dois contratos em vigor, relativos a essa licita&ccedil;&atilde;o. Segundo a estatal, o impedimento se refletiu em um atraso de pelo menos 75 dias no cronograma de implanta&ccedil;&atilde;o do plano.<\/p>\n<p>A previs&atilde;o do presidente da empresa, Caio Bonilha, &eacute; retomar imediatamente o plano de neg&oacute;cios e os trabalhos de implementa&ccedil;&atilde;o da rede nacional de telecomunica&ccedil;&atilde;o e a interliga&ccedil;&atilde;o de 3.045 munic&iacute;pios. Segundo ele, ainda neste ano, ser&aacute; poss&iacute;vel ligar 250 cidades nos an&eacute;is Nordeste e Sudeste.<\/span><\/p>\n","protected":false},"excerpt":{"rendered":"<p>O Tribunal de Contas da Uni&atilde;o (TCU) aprovou, hoje (10), a renegocia&ccedil;&atilde;o de pre&ccedil;os feita pela Telebras com as empresas vencedoras do preg&atilde;o para a contrata&ccedil;&atilde;o de infraestrutura para os pontos de presen&ccedil;a da rede nacional de telecomunica&ccedil;&atilde;o que atender&aacute; o Programa Nacional de Banda Larga (PNBL). Segundo a estatal, o acordo resultou em uma &hellip; <a href=\"https:\/\/obscom.intervozes.org.br\/?p=25946\" class=\"more-link\">Continue lendo <span class=\"screen-reader-text\">TCU aprova renegocia\u00e7\u00e3o de pre\u00e7os feita pela Telebras com empresas vencedoras de leil\u00e3o do PNBL<\/span> <span class=\"meta-nav\">&rarr;<\/span><\/a><\/p>\n","protected":false},"author":1,"featured_media":0,"comment_status":"open","ping_status":"open","sticky":false,"template":"","format":"standard","meta":{"footnotes":""},"categories":[40],"tags":[150],"_links":{"self":[{"href":"https:\/\/obscom.intervozes.org.br\/index.php?rest_route=\/wp\/v2\/posts\/25946"}],"collection":[{"href":"https:\/\/obscom.intervozes.org.br\/index.php?rest_route=\/wp\/v2\/posts"}],"about":[{"href":"https:\/\/obscom.intervozes.org.br\/index.php?rest_route=\/wp\/v2\/types\/post"}],"author":[{"embeddable":true,"href":"https:\/\/obscom.intervozes.org.br\/index.php?rest_route=\/wp\/v2\/users\/1"}],"replies":[{"embeddable":true,"href":"https:\/\/obscom.intervozes.org.br\/index.php?rest_route=%2Fwp%2Fv2%2Fcomments&post=25946"}],"version-history":[{"count":0,"href":"https:\/\/obscom.intervozes.org.br\/index.php?rest_route=\/wp\/v2\/posts\/25946\/revisions"}],"wp:attachment":[{"href":"https:\/\/obscom.intervozes.org.br\/index.php?rest_route=%2Fwp%2Fv2%2Fmedia&parent=25946"}],"wp:term":[{"taxonomy":"category","embeddable":true,"href":"https:\/\/obscom.intervozes.org.br\/index.php?rest_route=%2Fwp%2Fv2%2Fcategories&post=25946"},{"taxonomy":"post_tag","embeddable":true,"href":"https:\/\/obscom.intervozes.org.br\/index.php?rest_route=%2Fwp%2Fv2%2Ftags&post=25946"}],"curies":[{"name":"wp","href":"https:\/\/api.w.org\/{rel}","templated":true}]}}