{"id":25945,"date":"2011-08-11T15:18:58","date_gmt":"2011-08-11T15:18:58","guid":{"rendered":"https:\/\/obscom.intervozes.org.br\/wordpress\/?p=25945"},"modified":"2011-08-11T15:18:58","modified_gmt":"2011-08-11T15:18:58","slug":"em-audiencia-publica-no-senado-alvarez-defende-articulacao-governamental-na-area-de-tics","status":"publish","type":"post","link":"https:\/\/obscom.intervozes.org.br\/?p=25945","title":{"rendered":"Em audi\u00eancia p\u00fablica no Senado, Alvarez defende articula\u00e7\u00e3o governamental na \u00e1rea de TICs"},"content":{"rendered":"<p><span class=\"padrao\">Durante audi&ecirc;ncia p&uacute;blica na Comiss&atilde;o de Ci&ecirc;ncia e Tecnologia (CCT) do Senado Federal na manh&atilde; desta quarta-feira, em Bras&iacute;lia, o secret&aacute;rio-executivo do Minist&eacute;rio das Comunica&ccedil;&otilde;es, Cezar Alvarez, destacou a import&acirc;ncia de que os &oacute;rg&atilde;os de governo trabalhem em conjunto, de forma articulada, para o desenvolvimento de pol&iacute;ticas para o setor de tecnologias da informa&ccedil;&atilde;o e comunica&ccedil;&atilde;o (TICs).<\/span><\/p>\n<p>&nbsp;<\/p>\n<p>&nbsp;<\/p>\n<p><span class=\"padrao\">Segundo Alvarez, organismos governamentais como o Minist&eacute;rio da Ci&ecirc;ncia, Tecnologia e Inova&ccedil;&atilde;o, o Minist&eacute;rio das Comunica&ccedil;&otilde;es e a Finep j&aacute; trabalham conjuntamente no desenho de pol&iacute;ticas governamentais voltadas para as TICs. &ldquo;As empresas, que devem realizar investimentos em pesquisa e desenvolvimento tecnol&oacute;gicos, tamb&eacute;m precisam se articular e trabalhar para que o objetivo de termos tecnologias nacionais bem desenvolvidas seja alcan&ccedil;ado&rdquo;, defendeu o secret&aacute;rio-executivo.<\/p>\n<p>Cezar Alvarez destacou ainda a necessidade de implementa&ccedil;&atilde;o de mais pol&iacute;ticas p&uacute;blicas e de se atualizar a legisla&ccedil;&atilde;o de ci&ecirc;ncia e tecnologia no pa&iacute;s. O secret&aacute;rio citou como exemplo de desenvolvimento de tecnologia nacional na &aacute;rea de comunica&ccedil;&otilde;es a plataforma tr&oacute;pico, uma das poucas patentes brasileiras competindo a n&iacute;vel internacional. &quot;Hoje, essa tecnologia est&aacute; absolutamente defasada. Evidente que n&atilde;o por incompet&ecirc;ncia, mas por falta de sinergia entre p&uacute;blico, privado, sistema de encomenda, ind&uacute;stria e centro de pesquisa e desenvolvimento e necessidade de permanente atualiza&ccedil;&atilde;o e antecipa&ccedil;&atilde;o do desenvolvimento desses equipamentos&quot;, explicou Alvarez.<\/p>\n<p>Outro assunto abordado com destaque pela comiss&atilde;o foi o uso da faixa de freq&uuml;&ecirc;ncia de 450 MHz para levar servi&ccedil;os de telecomunica&ccedil;&otilde;es &agrave; zona rural brasileira. De acordo com Cezar Alvarez, o governo pretende usar o espectro para levar internet e telefone a &aacute;reas mais remotas, conectando, inclusive, cerca de 85 mil escolas rurais &agrave; internet.<\/p>\n<p>&ldquo;Hoje, as conex&otilde;es feitas nas escolas rurais s&atilde;o car&iacute;ssimas, porque s&atilde;o realizadas por meio de sat&eacute;lite. Mesmo com as conex&otilde;es do Gesac, n&atilde;o conseguimos atender a toda a demanda&rdquo;, disse o secret&aacute;rio-executivo.<\/p>\n<p>Tamb&eacute;m participaram da audi&ecirc;ncia a chefe da Assessoria de Acompanhamento e Avalia&ccedil;&atilde;o do Minist&eacute;rio de Ci&ecirc;ncia e Tecnologia, Fernanda Negri; o diretor-presidente do Serpro, Marcos Vin&iacute;cius Ferreira Mazoni; o gerente de Desenvolvimento de Projetos do Setor de Tecnologia e Inova&ccedil;&atilde;o da Siemens, Wikings Marcelo Machado; e o professor do Instituto de Economia da Universidade Federal do Rio de Janeiro (UFRJ), Jos&eacute; Eduardo Cassiolato.<\/p>\n<p>O evento foi parte da Jornada pela Inova&ccedil;&atilde;o, s&eacute;rie de debates promovidos pela CCT para cria&ccedil;&atilde;o de um marco regulat&oacute;rio para o setor, eleito pelo Governo Federal como uma das bases da sustentabilidade do desenvolvimento do pa&iacute;s.<\/span><\/p>\n","protected":false},"excerpt":{"rendered":"<p>Durante audi&ecirc;ncia p&uacute;blica na Comiss&atilde;o de Ci&ecirc;ncia e Tecnologia (CCT) do Senado Federal na manh&atilde; desta quarta-feira, em Bras&iacute;lia, o secret&aacute;rio-executivo do Minist&eacute;rio das Comunica&ccedil;&otilde;es, Cezar Alvarez, destacou a import&acirc;ncia de que os &oacute;rg&atilde;os de governo trabalhem em conjunto, de forma articulada, para o desenvolvimento de pol&iacute;ticas para o setor de tecnologias da informa&ccedil;&atilde;o e &hellip; <a href=\"https:\/\/obscom.intervozes.org.br\/?p=25945\" class=\"more-link\">Continue lendo <span class=\"screen-reader-text\">Em audi\u00eancia p\u00fablica no Senado, Alvarez defende articula\u00e7\u00e3o governamental na \u00e1rea de TICs<\/span> <span class=\"meta-nav\">&rarr;<\/span><\/a><\/p>\n","protected":false},"author":1,"featured_media":0,"comment_status":"open","ping_status":"open","sticky":false,"template":"","format":"standard","meta":{"footnotes":""},"categories":[40],"tags":[1559],"_links":{"self":[{"href":"https:\/\/obscom.intervozes.org.br\/index.php?rest_route=\/wp\/v2\/posts\/25945"}],"collection":[{"href":"https:\/\/obscom.intervozes.org.br\/index.php?rest_route=\/wp\/v2\/posts"}],"about":[{"href":"https:\/\/obscom.intervozes.org.br\/index.php?rest_route=\/wp\/v2\/types\/post"}],"author":[{"embeddable":true,"href":"https:\/\/obscom.intervozes.org.br\/index.php?rest_route=\/wp\/v2\/users\/1"}],"replies":[{"embeddable":true,"href":"https:\/\/obscom.intervozes.org.br\/index.php?rest_route=%2Fwp%2Fv2%2Fcomments&post=25945"}],"version-history":[{"count":0,"href":"https:\/\/obscom.intervozes.org.br\/index.php?rest_route=\/wp\/v2\/posts\/25945\/revisions"}],"wp:attachment":[{"href":"https:\/\/obscom.intervozes.org.br\/index.php?rest_route=%2Fwp%2Fv2%2Fmedia&parent=25945"}],"wp:term":[{"taxonomy":"category","embeddable":true,"href":"https:\/\/obscom.intervozes.org.br\/index.php?rest_route=%2Fwp%2Fv2%2Fcategories&post=25945"},{"taxonomy":"post_tag","embeddable":true,"href":"https:\/\/obscom.intervozes.org.br\/index.php?rest_route=%2Fwp%2Fv2%2Ftags&post=25945"}],"curies":[{"name":"wp","href":"https:\/\/api.w.org\/{rel}","templated":true}]}}