{"id":25938,"date":"2011-08-10T14:32:14","date_gmt":"2011-08-10T14:32:14","guid":{"rendered":"https:\/\/obscom.intervozes.org.br\/wordpress\/?p=25938"},"modified":"2011-08-10T14:32:14","modified_gmt":"2011-08-10T14:32:14","slug":"deputados-questionam-atribuicao-da-anatel-em-fiscalizar-radiodifusao","status":"publish","type":"post","link":"https:\/\/obscom.intervozes.org.br\/?p=25938","title":{"rendered":"Deputados questionam atribui\u00e7\u00e3o da Anatel em fiscalizar radiodifus\u00e3o"},"content":{"rendered":"<p><span class=\"padrao\">Anatel e Minicom celebraram em janeiro um conv&ecirc;nio que amplia as atribui&ccedil;&otilde;es da Anatel em rela&ccedil;&atilde;o &agrave; fiscaliza&ccedil;&atilde;o da radiodifus&atilde;o. Em linhas gerais, a ag&ecirc;ncia passou a ser respons&aacute;vel n&atilde;o s&oacute; pela fiscaliza&ccedil;&atilde;o, mas tamb&eacute;m pela instru&ccedil;&atilde;o dos processos e encaminhamento para a tomada de decis&atilde;o do Minicom. Mas o assunto despertou pol&ecirc;mica, sobretudo entre radiodifusores, que entenderam que a Anatel estava assumindo papeis exclusivos do minist&eacute;rio. &ldquo;O poder decis&oacute;rio continua com o Minicom. A Anatel tem um corpo t&eacute;cnico mais qualificado para esse trabalho&rdquo;, justificou Rodrigo Zerbone, consultor jur&iacute;dico do Minicom em audi&ecirc;ncia p&uacute;blica realizada nesta ter&ccedil;a, 8, na Comiss&atilde;o de Ci&ecirc;ncia e Tecnologia da C&acirc;mara.<\/p>\n<p>No que se refere ao uso do espectro, conforme explicou Zerbone, a compet&ecirc;ncia de fiscalizar e eventualmente punir &eacute; da Anatel mesmo no servi&ccedil;o de radiodifus&atilde;o. &ldquo;Se for infra&ccedil;&atilde;o referente ao uso inadequado de frequ&ecirc;ncia e certifica&ccedil;&atilde;o de equipamentos, ainda que seja outorga de radiodifus&atilde;o, a compet&ecirc;ncia &eacute; da Anatel. Se a infra&ccedil;&atilde;o for relacionada ao servi&ccedil;o em si de radiodifus&atilde;o, como a outorga de servi&ccedil;o &eacute; dada pelo Minicom a compet&ecirc;ncia &eacute; do Minicom&rdquo;, disse ele.<\/p>\n<p>As explica&ccedil;&otilde;es n&atilde;o convenceram os deputados presentes na comiss&atilde;o. Hidekazu Takayama (PSC\/PR) listou uma s&eacute;rie de casos em que ele considera que houve abuso dos fiscais da Anatel. Em um deles, a radiodifusora foi multada por diverg&ecirc;ncias m&iacute;nimas de endere&ccedil;o; no lugar de &ldquo;t&eacute;rreo&rdquo; o cadastro da empresa na Anatel constava &ldquo;sala 5&rdquo;. Em outro caso, a companhia recebeu duas multas, mas em cada uma delas a antena aparece com uma localiza&ccedil;&atilde;o diferente. &ldquo;A r&aacute;dio mudou de lugar ou est&aacute; faltando equipamento adequado&rdquo;, questiona o deputado. Na vis&atilde;o do deputado, a LGT &eacute; clara ao separar a compet&ecirc;ncia da Anatel em fiscalizar telecomunica&ccedil;&otilde;es e a do Minicom em fiscalizar a &aacute;rea de radiodifus&atilde;o.<\/p>\n<p>Edilson dos Santos, superintendente de radiofrequ&ecirc;ncia e fiscaliza&ccedil;&atilde;o da Anatel, disse que a orienta&ccedil;&atilde;o do conselho diretor &eacute; concentrar esfor&ccedil;os de fiscaliza&ccedil;&atilde;o em &aacute;reas de maior impacto social, como a telefonia m&oacute;vel. Assim, a fiscaliza&ccedil;&atilde;o da radiodifus&atilde;o acontece normalmente quando h&aacute; den&uacute;ncia.<\/p>\n<p>Para a deputada Lu&iacute;za Erundina (PSB\/SP), a quest&atilde;o mais importante n&atilde;o &eacute; a jur&iacute;dica, mas sim de m&eacute;rito. Na vis&atilde;o dela, a mudan&ccedil;a deve ser discutida mais profundamente j&aacute; que aumenta a atribui&ccedil;&atilde;o da Anatel que, como se sabe, n&atilde;o tem pessoal suficiente para fiscaliza&ccedil;&atilde;o. &ldquo;Se j&aacute; t&iacute;nhamos d&uacute;vidas quanto ao m&eacute;rito da decis&atilde;o, agora temos mais ainda. Vossas senhorias n&atilde;o convencem com os argumentos que trouxeram. Ampliar um conv&ecirc;nio quando o outro n&atilde;o estava sendo cumprido? A infraestrutura da Anatel n&atilde;o mudou&rdquo;, afirma ela.<\/span><\/p>\n<p>&nbsp;<\/p>\n","protected":false},"excerpt":{"rendered":"<p>Anatel e Minicom celebraram em janeiro um conv&ecirc;nio que amplia as atribui&ccedil;&otilde;es da Anatel em rela&ccedil;&atilde;o &agrave; fiscaliza&ccedil;&atilde;o da radiodifus&atilde;o. Em linhas gerais, a ag&ecirc;ncia passou a ser respons&aacute;vel n&atilde;o s&oacute; pela fiscaliza&ccedil;&atilde;o, mas tamb&eacute;m pela instru&ccedil;&atilde;o dos processos e encaminhamento para a tomada de decis&atilde;o do Minicom. Mas o assunto despertou pol&ecirc;mica, sobretudo entre &hellip; <a href=\"https:\/\/obscom.intervozes.org.br\/?p=25938\" class=\"more-link\">Continue lendo <span class=\"screen-reader-text\">Deputados questionam atribui\u00e7\u00e3o da Anatel em fiscalizar radiodifus\u00e3o<\/span> <span class=\"meta-nav\">&rarr;<\/span><\/a><\/p>\n","protected":false},"author":1,"featured_media":0,"comment_status":"open","ping_status":"open","sticky":false,"template":"","format":"standard","meta":{"footnotes":""},"categories":[40],"tags":[1558],"_links":{"self":[{"href":"https:\/\/obscom.intervozes.org.br\/index.php?rest_route=\/wp\/v2\/posts\/25938"}],"collection":[{"href":"https:\/\/obscom.intervozes.org.br\/index.php?rest_route=\/wp\/v2\/posts"}],"about":[{"href":"https:\/\/obscom.intervozes.org.br\/index.php?rest_route=\/wp\/v2\/types\/post"}],"author":[{"embeddable":true,"href":"https:\/\/obscom.intervozes.org.br\/index.php?rest_route=\/wp\/v2\/users\/1"}],"replies":[{"embeddable":true,"href":"https:\/\/obscom.intervozes.org.br\/index.php?rest_route=%2Fwp%2Fv2%2Fcomments&post=25938"}],"version-history":[{"count":0,"href":"https:\/\/obscom.intervozes.org.br\/index.php?rest_route=\/wp\/v2\/posts\/25938\/revisions"}],"wp:attachment":[{"href":"https:\/\/obscom.intervozes.org.br\/index.php?rest_route=%2Fwp%2Fv2%2Fmedia&parent=25938"}],"wp:term":[{"taxonomy":"category","embeddable":true,"href":"https:\/\/obscom.intervozes.org.br\/index.php?rest_route=%2Fwp%2Fv2%2Fcategories&post=25938"},{"taxonomy":"post_tag","embeddable":true,"href":"https:\/\/obscom.intervozes.org.br\/index.php?rest_route=%2Fwp%2Fv2%2Ftags&post=25938"}],"curies":[{"name":"wp","href":"https:\/\/api.w.org\/{rel}","templated":true}]}}