{"id":25937,"date":"2011-08-10T14:23:13","date_gmt":"2011-08-10T14:23:13","guid":{"rendered":"https:\/\/obscom.intervozes.org.br\/wordpress\/?p=25937"},"modified":"2011-08-10T14:23:13","modified_gmt":"2011-08-10T14:23:13","slug":"setor-comemora-ampliacao-da-base-e-acredita-que-modelo-ainda-tera-sucesso-nos-proximos-anos","status":"publish","type":"post","link":"https:\/\/obscom.intervozes.org.br\/?p=25937","title":{"rendered":"Setor comemora amplia\u00e7\u00e3o da base e acredita que modelo ainda ter\u00e1 sucesso nos pr\u00f3ximos anos"},"content":{"rendered":"<p><span class=\"padrao\"><strong>Fernando Lauterjung &#8211; Tele Time News<\/strong><\/p>\n<p>Os principais executivos do setor de TV paga comemoraram o momento da TV por assinatura no Brasil no painel de abertura no primeiro dia do Congresso ABTA 2001. Jos&eacute; Felix, presidente da Net Servi&ccedil;os, disse que o crescimento tem a ver com a movimenta&ccedil;&atilde;o das classes. Al&eacute;m disso, &quot;o DTH resolveu jogar e come&ccedil;ou a vender&rdquo;. O diretor executivo da Via Embratel, Ant&ocirc;nio Jo&atilde;o, diz que a negocia&ccedil;&atilde;o com os programadores para formatar os pacotes foi crucial para popularizar o servi&ccedil;o, bem como encontrar uma f&oacute;rmula para estar em todos os munic&iacute;pios.<\/p>\n<p>O VP s&ecirc;nior e diretor geral da Discovery Brasil, Fernando Medin, concorda que h&aacute; &ldquo;um desejo de consumo no Brasil&rdquo;.<\/p>\n<p>Alberto Pecegueiro, diretor geral da Rede Globosat, diz que, com o aumento da penetra&ccedil;&atilde;o do servi&ccedil;o, a audi&ecirc;ncia da TV paga voltou a ganhar corpo. &ldquo;Hoje o share dos canais pagos na audi&ecirc;ncia &eacute; de aproximadamente 30%, chegando, em momentos de pico, a 34%&rdquo;, afirmou.<\/p>\n<p>Paulo Cezar Teixeira, presidente da unidade mercado individual da Telef&ocirc;nica\/Vivo, diz que est&aacute; otimista com o mercado. &ldquo;Preciso convencer o acionista a colocar mais dinheiro e melhorar minha negocia&ccedil;&atilde;o com o Pecegueiro&rdquo;, brincou o executivo, em refer&ecirc;ncia &agrave; expans&atilde;o dos servi&ccedil;os pela Telef&ocirc;nica em 2012. A este notici&aacute;rio, Teixeira disse que a estrat&eacute;gia da Telef&ocirc;nica deve mudar sensivelmente, agora que a operadora conta com a rede da Vivo. Questionado, disse que a expans&atilde;o do servi&ccedil;o de DTH para todo o Brasil est&aacute; em estudo.<\/span><\/p>\n<p>&nbsp;<\/p>\n<p>&nbsp;<\/p>\n","protected":false},"excerpt":{"rendered":"<p>Fernando Lauterjung &#8211; Tele Time News Os principais executivos do setor de TV paga comemoraram o momento da TV por assinatura no Brasil no painel de abertura no primeiro dia do Congresso ABTA 2001. Jos&eacute; Felix, presidente da Net Servi&ccedil;os, disse que o crescimento tem a ver com a movimenta&ccedil;&atilde;o das classes. Al&eacute;m disso, &quot;o &hellip; <a href=\"https:\/\/obscom.intervozes.org.br\/?p=25937\" class=\"more-link\">Continue lendo <span class=\"screen-reader-text\">Setor comemora amplia\u00e7\u00e3o da base e acredita que modelo ainda ter\u00e1 sucesso nos pr\u00f3ximos anos<\/span> <span class=\"meta-nav\">&rarr;<\/span><\/a><\/p>\n","protected":false},"author":1,"featured_media":0,"comment_status":"open","ping_status":"open","sticky":false,"template":"","format":"standard","meta":{"footnotes":""},"categories":[39],"tags":[],"_links":{"self":[{"href":"https:\/\/obscom.intervozes.org.br\/index.php?rest_route=\/wp\/v2\/posts\/25937"}],"collection":[{"href":"https:\/\/obscom.intervozes.org.br\/index.php?rest_route=\/wp\/v2\/posts"}],"about":[{"href":"https:\/\/obscom.intervozes.org.br\/index.php?rest_route=\/wp\/v2\/types\/post"}],"author":[{"embeddable":true,"href":"https:\/\/obscom.intervozes.org.br\/index.php?rest_route=\/wp\/v2\/users\/1"}],"replies":[{"embeddable":true,"href":"https:\/\/obscom.intervozes.org.br\/index.php?rest_route=%2Fwp%2Fv2%2Fcomments&post=25937"}],"version-history":[{"count":0,"href":"https:\/\/obscom.intervozes.org.br\/index.php?rest_route=\/wp\/v2\/posts\/25937\/revisions"}],"wp:attachment":[{"href":"https:\/\/obscom.intervozes.org.br\/index.php?rest_route=%2Fwp%2Fv2%2Fmedia&parent=25937"}],"wp:term":[{"taxonomy":"category","embeddable":true,"href":"https:\/\/obscom.intervozes.org.br\/index.php?rest_route=%2Fwp%2Fv2%2Fcategories&post=25937"},{"taxonomy":"post_tag","embeddable":true,"href":"https:\/\/obscom.intervozes.org.br\/index.php?rest_route=%2Fwp%2Fv2%2Ftags&post=25937"}],"curies":[{"name":"wp","href":"https:\/\/api.w.org\/{rel}","templated":true}]}}