{"id":25933,"date":"2011-08-08T17:36:21","date_gmt":"2011-08-08T17:36:21","guid":{"rendered":"https:\/\/obscom.intervozes.org.br\/wordpress\/?p=25933"},"modified":"2011-08-08T17:36:21","modified_gmt":"2011-08-08T17:36:21","slug":"votacao-do-plc-116-pode-ser-decidida-amanha","status":"publish","type":"post","link":"https:\/\/obscom.intervozes.org.br\/?p=25933","title":{"rendered":"Vota\u00e7\u00e3o do PLC 116 pode ser decidida amanh\u00e3"},"content":{"rendered":"<p><span class=\"padrao\"><strong>L&uacute;cia Berbert &#8211; Tele S&iacute;ntese<\/strong><\/p>\n<p>A vota&ccedil;&atilde;o do PLC 116\/2010, que unifica as regras da TV por assinatura, permite a entrada das teles no mercado de cabo e estabelece a pol&iacute;tica de cotas de conte&uacute;do nacional, deve ser decidida na reuni&atilde;o de l&iacute;deres do Senado nessa ter&ccedil;a-feira (9). &ldquo;Vai depender da obten&ccedil;&atilde;o do consenso em torno da proposta, porque n&atilde;o &eacute; conveniente levar a mat&eacute;ria &agrave; vota&ccedil;&atilde;o sem a certeza de que ela ser&aacute; aprovada&rdquo;, disse hoje um assessor do presidente do Senado, Jos&eacute; Sarney, que entrou na briga em favor do projeto.<\/p>\n<p>Sarney se comprometeu com representantes das entidades de produ&ccedil;&atilde;o de conte&uacute;do a apoiar a aprova&ccedil;&atilde;o do PLC 116, mas ainda n&atilde;o considera a mat&eacute;ria como prioridade nacional. O assessor disse que ele tem conversado com l&iacute;deres partid&aacute;rios em busca de entendimento sobre a import&acirc;ncia da mat&eacute;ria para o esfor&ccedil;o do governo de massificar a banda larga. Mas os contatos s&atilde;o ainda informais, disse o assessor.<\/p>\n<p>No final de junho, o l&iacute;der do governo no Senado, Romero Juc&aacute;, requereu a urg&ecirc;ncia do projeto, mas a vota&ccedil;&atilde;o no plen&aacute;rio foi adiada exatamente por falta do consenso. A expectativa era de que a mat&eacute;ria entrasse na pauta logo nos primeiros dias depois do recesso, por&eacute;m, a medida provis&oacute;ria 529\/11, que reduziu de 11% para 5% a al&iacute;quota paga pelo microempreendedor individual incidente sobre o piso do sal&aacute;rio de contribui&ccedil;&atilde;o para a Previd&ecirc;ncia Social, est&aacute; trancando a pauta do Senado.<\/span><\/p>\n","protected":false},"excerpt":{"rendered":"<p>L&uacute;cia Berbert &#8211; Tele S&iacute;ntese A vota&ccedil;&atilde;o do PLC 116\/2010, que unifica as regras da TV por assinatura, permite a entrada das teles no mercado de cabo e estabelece a pol&iacute;tica de cotas de conte&uacute;do nacional, deve ser decidida na reuni&atilde;o de l&iacute;deres do Senado nessa ter&ccedil;a-feira (9). &ldquo;Vai depender da obten&ccedil;&atilde;o do consenso em &hellip; <a href=\"https:\/\/obscom.intervozes.org.br\/?p=25933\" class=\"more-link\">Continue lendo <span class=\"screen-reader-text\">Vota\u00e7\u00e3o do PLC 116 pode ser decidida amanh\u00e3<\/span> <span class=\"meta-nav\">&rarr;<\/span><\/a><\/p>\n","protected":false},"author":1,"featured_media":0,"comment_status":"open","ping_status":"open","sticky":false,"template":"","format":"standard","meta":{"footnotes":""},"categories":[39],"tags":[],"_links":{"self":[{"href":"https:\/\/obscom.intervozes.org.br\/index.php?rest_route=\/wp\/v2\/posts\/25933"}],"collection":[{"href":"https:\/\/obscom.intervozes.org.br\/index.php?rest_route=\/wp\/v2\/posts"}],"about":[{"href":"https:\/\/obscom.intervozes.org.br\/index.php?rest_route=\/wp\/v2\/types\/post"}],"author":[{"embeddable":true,"href":"https:\/\/obscom.intervozes.org.br\/index.php?rest_route=\/wp\/v2\/users\/1"}],"replies":[{"embeddable":true,"href":"https:\/\/obscom.intervozes.org.br\/index.php?rest_route=%2Fwp%2Fv2%2Fcomments&post=25933"}],"version-history":[{"count":0,"href":"https:\/\/obscom.intervozes.org.br\/index.php?rest_route=\/wp\/v2\/posts\/25933\/revisions"}],"wp:attachment":[{"href":"https:\/\/obscom.intervozes.org.br\/index.php?rest_route=%2Fwp%2Fv2%2Fmedia&parent=25933"}],"wp:term":[{"taxonomy":"category","embeddable":true,"href":"https:\/\/obscom.intervozes.org.br\/index.php?rest_route=%2Fwp%2Fv2%2Fcategories&post=25933"},{"taxonomy":"post_tag","embeddable":true,"href":"https:\/\/obscom.intervozes.org.br\/index.php?rest_route=%2Fwp%2Fv2%2Ftags&post=25933"}],"curies":[{"name":"wp","href":"https:\/\/api.w.org\/{rel}","templated":true}]}}