{"id":25930,"date":"2011-08-08T17:17:41","date_gmt":"2011-08-08T17:17:41","guid":{"rendered":"https:\/\/obscom.intervozes.org.br\/wordpress\/?p=25930"},"modified":"2011-08-08T17:17:41","modified_gmt":"2011-08-08T17:17:41","slug":"cai-a-participacao-de-dinheiro-do-governo-no-orcamento-da-tv-cultura","status":"publish","type":"post","link":"https:\/\/obscom.intervozes.org.br\/?p=25930","title":{"rendered":"Cai a participa\u00e7\u00e3o de dinheiro do governo no or\u00e7amento da TV Cultura"},"content":{"rendered":"<p><span class=\"padrao\">A participa&ccedil;&atilde;o da verba do governo de S&atilde;o Paulo na TV Cultura caiu quase pela metade nos &uacute;ltimos anos. Em 2003, o dinheiro estatal correspondia a 81,53% do total de recursos obtidos pela Funda&ccedil;&atilde;o Padre Anchieta, que administra a emissora p&uacute;blica e que captou 18,47% do or&ccedil;amento daquele ano junto &agrave; iniciativa privada.<\/p>\n<p>Desde 2008, a situa&ccedil;&atilde;o se inverteu. Os recursos pr&oacute;prios superaram o valor destinado pelo Estado: do total de mais de R$ 192 milh&otilde;es, foram 51,78% da funda&ccedil;&atilde;o contra 48,22% do Estado.<\/p>\n<p>Em 2009, essa diferen&ccedil;a se intensificou, com a porcentagem da funda&ccedil;&atilde;o chegando a 56,89%. Houve um pequeno retrocesso em 2010 (52,8%) em virtude do repasse de R$ 13 milh&otilde;es do governo para suprir gastos com demiss&otilde;es.<\/p>\n<p>Em valores absolutos, houve redu&ccedil;&atilde;o de recursos em 2004 e em 2006. A previs&atilde;o de verba estatal para este ano &eacute; de R$ 84 milh&otilde;es -35% a menos que em 2010. A diminui&ccedil;&atilde;o de repasses foi adotada em 2008 como pol&iacute;tica do governo para controlar os gastos da funda&ccedil;&atilde;o. Esses dados fazem parte de um estudo feito pelo deputado Sim&atilde;o Pedro (PT), que preside a Comiss&atilde;o de Educa&ccedil;&atilde;o e Cultura e ocupa uma das 40 vagas no Conselho Curador.<\/p>\n<p>Para ele, a baixa audi&ecirc;ncia &eacute; fruto desse processo. &quot;A TV se sente pressionada a buscar recursos no mercado, que &eacute; inst&aacute;vel. Diminui a qualidade dos programas e, com isso, o interesse do p&uacute;blico.&quot;<\/p>\n<p>Hoje, na reuni&atilde;o mensal da funda&ccedil;&atilde;o, ser&aacute; apresentado um relat&oacute;rio sobre a audi&ecirc;ncia, que sofreu uma redu&ccedil;&atilde;o de 27% em um ano. O presidente da Funda&ccedil;&atilde;o Padre Anchieta, Jo&atilde;o Sayad, pediu pesquisa ao Ibope para avaliar a perda de p&uacute;blico. O levantamento, no entanto, ainda n&atilde;o ficou pronto.<\/p>\n<p>Com menos dinheiro do governo, a emissora busca recursos com venda de publicidade e enxuga gastos. Novas produ&ccedil;&otilde;es ficam comprometidas. Nesse per&iacute;odo, uma das poucas estreias foi o &quot;Quintal da Cultura&quot;. O foco fica naquilo que j&aacute; faz sucesso, caso de &quot;Cocoric&oacute;&quot;, que teve nova temporada encomendada.<\/p>\n<p>Os n&uacute;meros ainda mostram redu&ccedil;&atilde;o dos investimentos do canal. De 5,45% em 2004 passaram para 2,89% em 2010, que foram destinados a ampliar a rede de transmiss&atilde;o e implantar a TV digital.<\/span><\/p>\n<p>&nbsp;<\/p>\n<p>&nbsp;<\/p>\n<p>&nbsp;<\/p>\n","protected":false},"excerpt":{"rendered":"<p>A participa&ccedil;&atilde;o da verba do governo de S&atilde;o Paulo na TV Cultura caiu quase pela metade nos &uacute;ltimos anos. Em 2003, o dinheiro estatal correspondia a 81,53% do total de recursos obtidos pela Funda&ccedil;&atilde;o Padre Anchieta, que administra a emissora p&uacute;blica e que captou 18,47% do or&ccedil;amento daquele ano junto &agrave; iniciativa privada. Desde 2008, &hellip; <a href=\"https:\/\/obscom.intervozes.org.br\/?p=25930\" class=\"more-link\">Continue lendo <span class=\"screen-reader-text\">Cai a participa\u00e7\u00e3o de dinheiro do governo no or\u00e7amento da TV Cultura<\/span> <span class=\"meta-nav\">&rarr;<\/span><\/a><\/p>\n","protected":false},"author":1,"featured_media":0,"comment_status":"open","ping_status":"open","sticky":false,"template":"","format":"standard","meta":{"footnotes":""},"categories":[40],"tags":[259],"_links":{"self":[{"href":"https:\/\/obscom.intervozes.org.br\/index.php?rest_route=\/wp\/v2\/posts\/25930"}],"collection":[{"href":"https:\/\/obscom.intervozes.org.br\/index.php?rest_route=\/wp\/v2\/posts"}],"about":[{"href":"https:\/\/obscom.intervozes.org.br\/index.php?rest_route=\/wp\/v2\/types\/post"}],"author":[{"embeddable":true,"href":"https:\/\/obscom.intervozes.org.br\/index.php?rest_route=\/wp\/v2\/users\/1"}],"replies":[{"embeddable":true,"href":"https:\/\/obscom.intervozes.org.br\/index.php?rest_route=%2Fwp%2Fv2%2Fcomments&post=25930"}],"version-history":[{"count":0,"href":"https:\/\/obscom.intervozes.org.br\/index.php?rest_route=\/wp\/v2\/posts\/25930\/revisions"}],"wp:attachment":[{"href":"https:\/\/obscom.intervozes.org.br\/index.php?rest_route=%2Fwp%2Fv2%2Fmedia&parent=25930"}],"wp:term":[{"taxonomy":"category","embeddable":true,"href":"https:\/\/obscom.intervozes.org.br\/index.php?rest_route=%2Fwp%2Fv2%2Fcategories&post=25930"},{"taxonomy":"post_tag","embeddable":true,"href":"https:\/\/obscom.intervozes.org.br\/index.php?rest_route=%2Fwp%2Fv2%2Ftags&post=25930"}],"curies":[{"name":"wp","href":"https:\/\/api.w.org\/{rel}","templated":true}]}}