{"id":25929,"date":"2011-08-08T17:13:36","date_gmt":"2011-08-08T17:13:36","guid":{"rendered":"https:\/\/obscom.intervozes.org.br\/wordpress\/?p=25929"},"modified":"2011-08-08T17:13:36","modified_gmt":"2011-08-08T17:13:36","slug":"incentivos-a-redes-de-telecomunicacoes-incluira-ppb-segundo-o-ministro-paulo-bernardo","status":"publish","type":"post","link":"https:\/\/obscom.intervozes.org.br\/?p=25929","title":{"rendered":"Incentivos a redes de telecomunica\u00e7\u00f5es incluir\u00e1 PPB, segundo o ministro Paulo Bernardo"},"content":{"rendered":"<p><span class=\"padrao\"><strong>L&uacute;cia Berbert &#8211; Tele S&iacute;ntese<\/strong><\/p>\n<p>O ministro das Comunica&ccedil;&otilde;es, Paulo Bernardo, disse nesta segunda-feira (8), que o regime especial de tributa&ccedil;&atilde;o para implanta&ccedil;&atilde;o de redes de telecomunica&ccedil;&otilde;es, al&eacute;m da inclus&atilde;o da redu&ccedil;&atilde;o do PIS\/Cofins, poder&aacute; ter novos incentivos para as empresas que optarem por equipamentos nacionais. Nesse caso, a desonera&ccedil;&atilde;o vir&aacute; por meio de Processo Produtivo B&aacute;sico (PPB), adiantou.<\/p>\n<p>Segundo Bernardo, as negocia&ccedil;&otilde;es com o Minist&eacute;rio da Fazenda e o Minist&eacute;rio do Desenvolvimento est&atilde;o adiantadas e o plano deve ser lan&ccedil;ado nos pr&oacute;ximos dias. &ldquo;O nosso objetivo &eacute; incentivar a amplia&ccedil;&atilde;o da infraestrutura de telecomunica&ccedil;&otilde;es porque acreditamos que isso ajuda tamb&eacute;m no desenvolvimento econ&ocirc;mico do pa&iacute;s&rdquo;, disse.<\/p>\n<p>O ministro participou hoje da abertura do F&oacute;rum Desvendando a Nova Classe M&eacute;dia, promovido pelo Minist&eacute;rio da Fazenda e Secretaria de Assuntos Estrat&eacute;gicos, em Bras&iacute;lia. Para Bernardo, a amplia&ccedil;&atilde;o das redes ir&aacute; aumentar a oferta de banda larga no pa&iacute;s.<\/span><\/p>\n","protected":false},"excerpt":{"rendered":"<p>L&uacute;cia Berbert &#8211; Tele S&iacute;ntese O ministro das Comunica&ccedil;&otilde;es, Paulo Bernardo, disse nesta segunda-feira (8), que o regime especial de tributa&ccedil;&atilde;o para implanta&ccedil;&atilde;o de redes de telecomunica&ccedil;&otilde;es, al&eacute;m da inclus&atilde;o da redu&ccedil;&atilde;o do PIS\/Cofins, poder&aacute; ter novos incentivos para as empresas que optarem por equipamentos nacionais. Nesse caso, a desonera&ccedil;&atilde;o vir&aacute; por meio de Processo &hellip; <a href=\"https:\/\/obscom.intervozes.org.br\/?p=25929\" class=\"more-link\">Continue lendo <span class=\"screen-reader-text\">Incentivos a redes de telecomunica\u00e7\u00f5es incluir\u00e1 PPB, segundo o ministro Paulo Bernardo<\/span> <span class=\"meta-nav\">&rarr;<\/span><\/a><\/p>\n","protected":false},"author":1,"featured_media":0,"comment_status":"open","ping_status":"open","sticky":false,"template":"","format":"standard","meta":{"footnotes":""},"categories":[39],"tags":[],"_links":{"self":[{"href":"https:\/\/obscom.intervozes.org.br\/index.php?rest_route=\/wp\/v2\/posts\/25929"}],"collection":[{"href":"https:\/\/obscom.intervozes.org.br\/index.php?rest_route=\/wp\/v2\/posts"}],"about":[{"href":"https:\/\/obscom.intervozes.org.br\/index.php?rest_route=\/wp\/v2\/types\/post"}],"author":[{"embeddable":true,"href":"https:\/\/obscom.intervozes.org.br\/index.php?rest_route=\/wp\/v2\/users\/1"}],"replies":[{"embeddable":true,"href":"https:\/\/obscom.intervozes.org.br\/index.php?rest_route=%2Fwp%2Fv2%2Fcomments&post=25929"}],"version-history":[{"count":0,"href":"https:\/\/obscom.intervozes.org.br\/index.php?rest_route=\/wp\/v2\/posts\/25929\/revisions"}],"wp:attachment":[{"href":"https:\/\/obscom.intervozes.org.br\/index.php?rest_route=%2Fwp%2Fv2%2Fmedia&parent=25929"}],"wp:term":[{"taxonomy":"category","embeddable":true,"href":"https:\/\/obscom.intervozes.org.br\/index.php?rest_route=%2Fwp%2Fv2%2Fcategories&post=25929"},{"taxonomy":"post_tag","embeddable":true,"href":"https:\/\/obscom.intervozes.org.br\/index.php?rest_route=%2Fwp%2Fv2%2Ftags&post=25929"}],"curies":[{"name":"wp","href":"https:\/\/api.w.org\/{rel}","templated":true}]}}