{"id":25928,"date":"2011-08-08T17:03:26","date_gmt":"2011-08-08T17:03:26","guid":{"rendered":"https:\/\/obscom.intervozes.org.br\/wordpress\/?p=25928"},"modified":"2011-08-08T17:03:26","modified_gmt":"2011-08-08T17:03:26","slug":"campanha-banda-larga-e-um-direito-seu-promove-tuitaco-nesta-terca-9","status":"publish","type":"post","link":"https:\/\/obscom.intervozes.org.br\/?p=25928","title":{"rendered":"Campanha Banda Larga \u00e9 um direito seu! promove tuita\u00e7o nesta ter\u00e7a (9)"},"content":{"rendered":"<p style=\"margin-bottom: 0cm\" class=\"western\">As entidades que comp&otilde;em a campanha Banda Larga &eacute; um direito seu! v&atilde;o realizar um ato no dia 15 de agosto, em S&atilde;o Paulo, para protestar contra o acordo assinado entre o governo e as teles no fim de junho no &acirc;mbito do Plano Nacional de Banda Larga (PNBL). Para ajudar na convoca&ccedil;&atilde;o da atividade, as organiza&ccedil;&otilde;es promovem um tuita&ccedil;o nesta ter&ccedil;a (9), com concentra&ccedil;&atilde;o &agrave;s 16h. Abaixo algumas frases sugeridas:<span class=\"padrao\"><\/p>\n<p><\/span> <\/p>\n<p>&nbsp;<\/p>\n<p>&nbsp;<\/p>\n<ul>\n<li>\n<p style=\"margin-bottom: 0cm\" class=\"western\">N&atilde;o gostou do \tacordo do governo com as teles? Junte-se a n&oacute;s! Ato dia 15\/8 em SP: \thttp:\/\/bit.ly\/qtSSmn #minhainternetcaiu #pnbl <\/p>\n<\/li>\n<li>\n<p style=\"margin-bottom: 0cm\" class=\"western\">Concorda que a \tinternet deveria ser um direito? Junte-se a n&oacute;s! Ato dia 15\/8 em \tSP: http:\/\/bit.ly\/qtSSmn #minhainternetcaiu #pnbl <\/p>\n<\/li>\n<li>\n<p style=\"margin-bottom: 0cm\" class=\"western\">Junte-se a n&oacute;s \tpor uma internet barata, de qualidade, para todos! Ato dia 15\/8 em \tSP: http:\/\/bit.ly\/qtSSmn #minhainternetcaiu #pnbl <\/p>\n<\/li>\n<li>\n<p style=\"margin-bottom: 0cm\" class=\"western\">Acha que a Anatel \tpega muito leve com as teles? Junte-se a n&oacute;s! Ato dia 15\/8 em SP: \thttp:\/\/bit.ly\/qtSSmn #minhainternetcaiu #pnbl <\/p>\n<\/li>\n<li>\n<p style=\"margin-bottom: 0cm\" class=\"western\">A ANATELes n&atilde;o \tgarante sua internet? Mobilize! Ato no dia 15\/8 em SP: \thttp:\/\/bit.ly\/qtSSmn #minhainternetcaiu #pnbl <\/p>\n<\/li>\n<li>\n<p style=\"margin-bottom: 0cm\" class=\"western\">Quero internet sem \ttelefone. Venda casada, n&atilde;o! Mobilize! Ato dia 15\/8 em SP: \thttp:\/\/bit.ly\/qtSSmn #minhainternetcaiu #pnbl  \t<\/p>\n<\/li>\n<\/ul>\n<p>&nbsp;<\/p>\n<p>Mais informa&ccedil;&otilde;es no <a href=\"http:\/\/campanhabandalarga.org.br\/\" target=\"_blank\">site da campanha<\/a>.&nbsp; <\/p>\n<p> <\/p>\n","protected":false},"excerpt":{"rendered":"<p>As entidades que comp&otilde;em a campanha Banda Larga &eacute; um direito seu! v&atilde;o realizar um ato no dia 15 de agosto, em S&atilde;o Paulo, para protestar contra o acordo assinado entre o governo e as teles no fim de junho no &acirc;mbito do Plano Nacional de Banda Larga (PNBL). Para ajudar na convoca&ccedil;&atilde;o da atividade, &hellip; <a href=\"https:\/\/obscom.intervozes.org.br\/?p=25928\" class=\"more-link\">Continue lendo <span class=\"screen-reader-text\">Campanha Banda Larga \u00e9 um direito seu! promove tuita\u00e7o nesta ter\u00e7a (9)<\/span> <span class=\"meta-nav\">&rarr;<\/span><\/a><\/p>\n","protected":false},"author":1,"featured_media":0,"comment_status":"open","ping_status":"open","sticky":false,"template":"","format":"standard","meta":{"footnotes":""},"categories":[39],"tags":[],"_links":{"self":[{"href":"https:\/\/obscom.intervozes.org.br\/index.php?rest_route=\/wp\/v2\/posts\/25928"}],"collection":[{"href":"https:\/\/obscom.intervozes.org.br\/index.php?rest_route=\/wp\/v2\/posts"}],"about":[{"href":"https:\/\/obscom.intervozes.org.br\/index.php?rest_route=\/wp\/v2\/types\/post"}],"author":[{"embeddable":true,"href":"https:\/\/obscom.intervozes.org.br\/index.php?rest_route=\/wp\/v2\/users\/1"}],"replies":[{"embeddable":true,"href":"https:\/\/obscom.intervozes.org.br\/index.php?rest_route=%2Fwp%2Fv2%2Fcomments&post=25928"}],"version-history":[{"count":0,"href":"https:\/\/obscom.intervozes.org.br\/index.php?rest_route=\/wp\/v2\/posts\/25928\/revisions"}],"wp:attachment":[{"href":"https:\/\/obscom.intervozes.org.br\/index.php?rest_route=%2Fwp%2Fv2%2Fmedia&parent=25928"}],"wp:term":[{"taxonomy":"category","embeddable":true,"href":"https:\/\/obscom.intervozes.org.br\/index.php?rest_route=%2Fwp%2Fv2%2Fcategories&post=25928"},{"taxonomy":"post_tag","embeddable":true,"href":"https:\/\/obscom.intervozes.org.br\/index.php?rest_route=%2Fwp%2Fv2%2Ftags&post=25928"}],"curies":[{"name":"wp","href":"https:\/\/api.w.org\/{rel}","templated":true}]}}