{"id":25915,"date":"2011-08-03T17:16:25","date_gmt":"2011-08-03T17:16:25","guid":{"rendered":"https:\/\/obscom.intervozes.org.br\/wordpress\/?p=25915"},"modified":"2011-08-03T17:16:25","modified_gmt":"2011-08-03T17:16:25","slug":"assassinatos-de-jornalistas-nas-americas-brasil-ocupa-segunda-posicao","status":"publish","type":"post","link":"https:\/\/obscom.intervozes.org.br\/?p=25915","title":{"rendered":"Assassinatos de jornalistas nas Am\u00e9ricas: Brasil ocupa segunda posi\u00e7\u00e3o"},"content":{"rendered":"<p><span class=\"padrao\">Do in&iacute;cio do ano at&eacute; agora, 19 jornalistas morreram nas Am&eacute;ricas. Segundo levantamento da Sociedade Interamericana de Imprensa (SIP), 2011 teve mais falecimentos de rep&oacute;rteres do que nas &uacute;ltimas duas d&eacute;cadas.<\/p>\n<p>Empatado com Honduras, o Brasil ocupa o segundo lugar no ranking. Foram quatro os jornalistas brasileiros assassinados que tiveram seus nomes inclusos no relat&oacute;rio:&nbsp; Luciano Leit&atilde;o Pedrosa (morto em Pernambuco, em abril), Val&eacute;rio Nascimento (interior do Rio, em maio), Edinaldo Filgueira (Rio Grande do Norte, em junho) e Auro Ida (Mato Grosso, no m&ecirc;s passado). O estudo considerou apenas os crimes relacionados ao exerc&iacute;cio da atividade jornal&iacute;stica.<\/p>\n<p><strong>1&deg; lugar<\/strong><\/p>\n<p>O pa&iacute;s que leva a primeira coloca&ccedil;&atilde;o na lista de homic&iacute;dios &eacute; o M&eacute;xico. Cinco jornalistas foram assassinados devido a conflitos nas regi&otilde;es violentas, dominadas pelo tr&aacute;fico de drogas.<\/p>\n<p>Em uma entrevista concedida &agrave; m&iacute;dia em Miami (EUA), os diretores da SIP declararam &quot;estado de alerta e preocupa&ccedil;&atilde;o&quot; pelas mortes. A entidade criticou ainda a &quot;persegui&ccedil;&atilde;o judicial&quot; aos jornalistas, al&eacute;m de citar o Brasil como um dos pa&iacute;ses em que essa pr&aacute;tica &eacute; comum. <\/span><\/p>\n<p>&nbsp;<\/p>\n","protected":false},"excerpt":{"rendered":"<p>Do in&iacute;cio do ano at&eacute; agora, 19 jornalistas morreram nas Am&eacute;ricas. Segundo levantamento da Sociedade Interamericana de Imprensa (SIP), 2011 teve mais falecimentos de rep&oacute;rteres do que nas &uacute;ltimas duas d&eacute;cadas. Empatado com Honduras, o Brasil ocupa o segundo lugar no ranking. Foram quatro os jornalistas brasileiros assassinados que tiveram seus nomes inclusos no relat&oacute;rio:&nbsp; &hellip; <a href=\"https:\/\/obscom.intervozes.org.br\/?p=25915\" class=\"more-link\">Continue lendo <span class=\"screen-reader-text\">Assassinatos de jornalistas nas Am\u00e9ricas: Brasil ocupa segunda posi\u00e7\u00e3o<\/span> <span class=\"meta-nav\">&rarr;<\/span><\/a><\/p>\n","protected":false},"author":1,"featured_media":0,"comment_status":"open","ping_status":"open","sticky":false,"template":"","format":"standard","meta":{"footnotes":""},"categories":[40],"tags":[199],"_links":{"self":[{"href":"https:\/\/obscom.intervozes.org.br\/index.php?rest_route=\/wp\/v2\/posts\/25915"}],"collection":[{"href":"https:\/\/obscom.intervozes.org.br\/index.php?rest_route=\/wp\/v2\/posts"}],"about":[{"href":"https:\/\/obscom.intervozes.org.br\/index.php?rest_route=\/wp\/v2\/types\/post"}],"author":[{"embeddable":true,"href":"https:\/\/obscom.intervozes.org.br\/index.php?rest_route=\/wp\/v2\/users\/1"}],"replies":[{"embeddable":true,"href":"https:\/\/obscom.intervozes.org.br\/index.php?rest_route=%2Fwp%2Fv2%2Fcomments&post=25915"}],"version-history":[{"count":0,"href":"https:\/\/obscom.intervozes.org.br\/index.php?rest_route=\/wp\/v2\/posts\/25915\/revisions"}],"wp:attachment":[{"href":"https:\/\/obscom.intervozes.org.br\/index.php?rest_route=%2Fwp%2Fv2%2Fmedia&parent=25915"}],"wp:term":[{"taxonomy":"category","embeddable":true,"href":"https:\/\/obscom.intervozes.org.br\/index.php?rest_route=%2Fwp%2Fv2%2Fcategories&post=25915"},{"taxonomy":"post_tag","embeddable":true,"href":"https:\/\/obscom.intervozes.org.br\/index.php?rest_route=%2Fwp%2Fv2%2Ftags&post=25915"}],"curies":[{"name":"wp","href":"https:\/\/api.w.org\/{rel}","templated":true}]}}