{"id":25899,"date":"2011-08-01T16:42:27","date_gmt":"2011-08-01T16:42:27","guid":{"rendered":"https:\/\/obscom.intervozes.org.br\/wordpress\/?p=25899"},"modified":"2011-08-01T16:42:27","modified_gmt":"2011-08-01T16:42:27","slug":"bolivia-limita-licencas-privadas-de-radio-e-tv","status":"publish","type":"post","link":"https:\/\/obscom.intervozes.org.br\/?p=25899","title":{"rendered":"Bol\u00edvia limita licen\u00e7as privadas de r\u00e1dio e TV"},"content":{"rendered":"<p><span class=\"padrao\">O Senado da Bol&iacute;via aprovou na quinta-feira um projeto de lei que aumenta o poder do governo de Evo Morales sobre os meios de comunica&ccedil;&atilde;o no pa&iacute;s. A medida, que ainda precisa ser sancionada pelo presidente, reserva aos meios de comunica&ccedil;&atilde;o privados 33,3% das licen&ccedil;as de r&aacute;dio e TV. Outros 33,3% caber&atilde;o ao Estado. Organiza&ccedil;&otilde;es sociais ter&atilde;o direito ao restante das concess&otilde;es, assim como organiza&ccedil;&otilde;es de povos ind&iacute;genas.<\/p>\n<p>No total, a lei tem 117 artigos. Outro trecho pol&ecirc;mico abre caminho para o governo requisitar dados telef&ocirc;nicos em caso de seguran&ccedil;a de Estado, amea&ccedil;a externa, ou como&ccedil;&atilde;o interna. Nessas condi&ccedil;&otilde;es, as empresas de telecomunica&ccedil;&otilde;es ser&atilde;o obrigadas a cooperar.<\/p>\n<p>O processo de transi&ccedil;&atilde;o no modelo de concess&otilde;es ser&aacute; gradual, j&aacute; que as licen&ccedil;as da maior parte das r&aacute;dios expira somente a partir de 2017. O projeto foi criticado pelas empresas de comunica&ccedil;&atilde;o, entidades de classe e oposi&ccedil;&atilde;o.<\/p>\n<p>De acordo com a Associa&ccedil;&atilde;o Boliviana de Radiodifus&atilde;o (Asbora), 400 emissoras poder&atilde;o fechar depois de 2017. Para a entidade, a lei restringe a liberdade de express&atilde;o na Bol&iacute;via. &quot;Est&atilde;o obrigando as r&aacute;dios privadas a fechar&quot;, disse o presidente da Asbora, Ra&uacute;l Novillo.<\/p>\n<p>Para o diretor da Associa&ccedil;&atilde;o de Jornalistas de La Paz, Antonio Vargas, o governo quer monopolizar o espectro eletromagn&eacute;tico. A senadora opositora Senta Reck disse ontem que o governo poder&aacute; perseguir opositores com a nova lei.<\/p>\n<p>O governo, por sua vez, diz que a lei n&atilde;o fere a Constitui&ccedil;&atilde;o. Segundo o ministro da Comunica&ccedil;&atilde;o Iv&aacute;n Canelas, a lei aprofunda a democracia ao permitir o acesso de associa&ccedil;&otilde;es ind&iacute;genas e sociais aos meios de comunica&ccedil;&atilde;o. O presidente do Senado Ren&eacute; Mart&iacute;nez considera que a lei n&atilde;o viola direitos individuais.<\/span><\/p>\n","protected":false},"excerpt":{"rendered":"<p>O Senado da Bol&iacute;via aprovou na quinta-feira um projeto de lei que aumenta o poder do governo de Evo Morales sobre os meios de comunica&ccedil;&atilde;o no pa&iacute;s. A medida, que ainda precisa ser sancionada pelo presidente, reserva aos meios de comunica&ccedil;&atilde;o privados 33,3% das licen&ccedil;as de r&aacute;dio e TV. Outros 33,3% caber&atilde;o ao Estado. Organiza&ccedil;&otilde;es &hellip; <a href=\"https:\/\/obscom.intervozes.org.br\/?p=25899\" class=\"more-link\">Continue lendo <span class=\"screen-reader-text\">Bol\u00edvia limita licen\u00e7as privadas de r\u00e1dio e TV<\/span> <span class=\"meta-nav\">&rarr;<\/span><\/a><\/p>\n","protected":false},"author":1,"featured_media":0,"comment_status":"open","ping_status":"open","sticky":false,"template":"","format":"standard","meta":{"footnotes":""},"categories":[40],"tags":[311],"_links":{"self":[{"href":"https:\/\/obscom.intervozes.org.br\/index.php?rest_route=\/wp\/v2\/posts\/25899"}],"collection":[{"href":"https:\/\/obscom.intervozes.org.br\/index.php?rest_route=\/wp\/v2\/posts"}],"about":[{"href":"https:\/\/obscom.intervozes.org.br\/index.php?rest_route=\/wp\/v2\/types\/post"}],"author":[{"embeddable":true,"href":"https:\/\/obscom.intervozes.org.br\/index.php?rest_route=\/wp\/v2\/users\/1"}],"replies":[{"embeddable":true,"href":"https:\/\/obscom.intervozes.org.br\/index.php?rest_route=%2Fwp%2Fv2%2Fcomments&post=25899"}],"version-history":[{"count":0,"href":"https:\/\/obscom.intervozes.org.br\/index.php?rest_route=\/wp\/v2\/posts\/25899\/revisions"}],"wp:attachment":[{"href":"https:\/\/obscom.intervozes.org.br\/index.php?rest_route=%2Fwp%2Fv2%2Fmedia&parent=25899"}],"wp:term":[{"taxonomy":"category","embeddable":true,"href":"https:\/\/obscom.intervozes.org.br\/index.php?rest_route=%2Fwp%2Fv2%2Fcategories&post=25899"},{"taxonomy":"post_tag","embeddable":true,"href":"https:\/\/obscom.intervozes.org.br\/index.php?rest_route=%2Fwp%2Fv2%2Ftags&post=25899"}],"curies":[{"name":"wp","href":"https:\/\/api.w.org\/{rel}","templated":true}]}}