{"id":25889,"date":"2011-07-29T16:06:52","date_gmt":"2011-07-29T16:06:52","guid":{"rendered":"https:\/\/obscom.intervozes.org.br\/wordpress\/?p=25889"},"modified":"2011-07-29T16:06:52","modified_gmt":"2011-07-29T16:06:52","slug":"privatizacao-das-telecomunicacoes-completa-13-anos-com-286-milhoes-de-clientes","status":"publish","type":"post","link":"https:\/\/obscom.intervozes.org.br\/?p=25889","title":{"rendered":"Privatiza\u00e7\u00e3o das telecomunica\u00e7\u00f5es completa 13 anos com 286 milh\u00f5es de clientes"},"content":{"rendered":"<p><span class=\"padrao\"><strong>Reda&ccedil;&atilde;o &#8211; Tele S&iacute;ntese<\/strong><\/p>\n<p>A privatiza&ccedil;&atilde;o das telecomunica&ccedil;&otilde;es no Brasil completa 13 com um crescimento de 853% no n&uacute;mero total de clientes, segundo levantamento realizado pela Associa&ccedil;&atilde;o Brasileira de Telecomunica&ccedil;&otilde;es (Telebrasil), divulgado nesta sexta-feira (29). Segundo o estudo, o pa&iacute;s j&aacute; conta com mais de 286 milh&otilde;es de usu&aacute;rios dos servi&ccedil;os de telefonia fixa e m&oacute;vel, banda larga e TV por assinatura. A entidade ressalta que esse n&uacute;mero &eacute; nove vezes maior que o de 1998, quando somente 30 milh&otilde;es de clientes tinham acesso aos servi&ccedil;os de telecomunica&ccedil;&otilde;es.<\/p>\n<p>O levantamento aponta a evolu&ccedil;&atilde;o mais significativa do segmento de telefonia m&oacute;vel, com crescimento de 2.836%. &ldquo;H&aacute; 13 anos, eram apenas 7,4 milh&otilde;es de celulares em opera&ccedil;&atilde;o e hoje j&aacute; s&atilde;o 217,3 milh&otilde;es&rdquo;, frisa a entidade. O acesso ao servi&ccedil;o de telefonia fixa mais que dobrou, passando de 20 milh&otilde;es, em 1998, para 42 milh&otilde;es agora, o que representa um crescimento de 110%. O setor de TV por assinatura, por sua vez, cresceu 319%, evoluindo de 2,6 milh&otilde;es para 10,9 milh&otilde;es nesse per&iacute;odo.<\/p>\n<p>A banda larga, que n&atilde;o existia h&aacute; 13 anos, j&aacute; chega a 43,7 milh&otilde;es de acessos. Desse total, 15,8 milh&otilde;es s&atilde;o em conex&otilde;es pela rede fixa e 27,9 milh&otilde;es s&atilde;o em banda larga m&oacute;vel, incluindo os modems de acesso &agrave; internet e celulares de terceira gera&ccedil;&atilde;o (3G).<\/p>\n<p>De acordo com a Telebrasil, para chegar a esses n&uacute;meros, as empresas do setor investiram R$ 235 bilh&otilde;es, incluindo os valores pagos na aquisi&ccedil;&atilde;o de outorgas. A gera&ccedil;&atilde;o de empregos no setor chega a 436 mil postos diretos de trabalho. <\/span><\/p>\n<p>&nbsp;<\/p>\n","protected":false},"excerpt":{"rendered":"<p>Reda&ccedil;&atilde;o &#8211; Tele S&iacute;ntese A privatiza&ccedil;&atilde;o das telecomunica&ccedil;&otilde;es no Brasil completa 13 com um crescimento de 853% no n&uacute;mero total de clientes, segundo levantamento realizado pela Associa&ccedil;&atilde;o Brasileira de Telecomunica&ccedil;&otilde;es (Telebrasil), divulgado nesta sexta-feira (29). Segundo o estudo, o pa&iacute;s j&aacute; conta com mais de 286 milh&otilde;es de usu&aacute;rios dos servi&ccedil;os de telefonia fixa e &hellip; <a href=\"https:\/\/obscom.intervozes.org.br\/?p=25889\" class=\"more-link\">Continue lendo <span class=\"screen-reader-text\">Privatiza\u00e7\u00e3o das telecomunica\u00e7\u00f5es completa 13 anos com 286 milh\u00f5es de clientes<\/span> <span class=\"meta-nav\">&rarr;<\/span><\/a><\/p>\n","protected":false},"author":1,"featured_media":0,"comment_status":"open","ping_status":"open","sticky":false,"template":"","format":"standard","meta":{"footnotes":""},"categories":[39],"tags":[],"_links":{"self":[{"href":"https:\/\/obscom.intervozes.org.br\/index.php?rest_route=\/wp\/v2\/posts\/25889"}],"collection":[{"href":"https:\/\/obscom.intervozes.org.br\/index.php?rest_route=\/wp\/v2\/posts"}],"about":[{"href":"https:\/\/obscom.intervozes.org.br\/index.php?rest_route=\/wp\/v2\/types\/post"}],"author":[{"embeddable":true,"href":"https:\/\/obscom.intervozes.org.br\/index.php?rest_route=\/wp\/v2\/users\/1"}],"replies":[{"embeddable":true,"href":"https:\/\/obscom.intervozes.org.br\/index.php?rest_route=%2Fwp%2Fv2%2Fcomments&post=25889"}],"version-history":[{"count":0,"href":"https:\/\/obscom.intervozes.org.br\/index.php?rest_route=\/wp\/v2\/posts\/25889\/revisions"}],"wp:attachment":[{"href":"https:\/\/obscom.intervozes.org.br\/index.php?rest_route=%2Fwp%2Fv2%2Fmedia&parent=25889"}],"wp:term":[{"taxonomy":"category","embeddable":true,"href":"https:\/\/obscom.intervozes.org.br\/index.php?rest_route=%2Fwp%2Fv2%2Fcategories&post=25889"},{"taxonomy":"post_tag","embeddable":true,"href":"https:\/\/obscom.intervozes.org.br\/index.php?rest_route=%2Fwp%2Fv2%2Ftags&post=25889"}],"curies":[{"name":"wp","href":"https:\/\/api.w.org\/{rel}","templated":true}]}}