{"id":25888,"date":"2011-07-29T16:01:26","date_gmt":"2011-07-29T16:01:26","guid":{"rendered":"https:\/\/obscom.intervozes.org.br\/wordpress\/?p=25888"},"modified":"2011-07-29T16:01:26","modified_gmt":"2011-07-29T16:01:26","slug":"concessionarias-estranham-posicao-de-institutos-de-consumidor-contra-abertura-da-tv-a-cabo","status":"publish","type":"post","link":"https:\/\/obscom.intervozes.org.br\/?p=25888","title":{"rendered":"Concession\u00e1rias estranham posi\u00e7\u00e3o de institutos de consumidor contra abertura da TV a cabo"},"content":{"rendered":"<p><span class=\"padrao\"><strong>Miriam Aquino &#8211; Tele S&iacute;ntese<\/strong><\/p>\n<p><\/span>Executivos de concession&aacute;rias de telecom se dizem surpreendidos com a posi&ccedil;&atilde;o da Proteste e do Procon de S&atilde;o Paulo, que se manifestaram contr&aacute;rios ao regulamento de TV a cabo proposto pela Anatel, cuja consulta p&uacute;blica acabou ontem. Para eles, as duas entidades, ao se manifestarem contra a abertura de mercado de TV a cabo&nbsp; estariam agindo contra os interesses dos pr&oacute;prios consumidores, que continuariam a ficar sem o servi&ccedil;o na grande maioria das cidades brasileiras, e n&atilde;o poderiam contar com a queda nos pre&ccedil;os nos locais onde a TV paga j&aacute; existe.<\/p>\n<p>As operadoras contestam os argumentos dos institutos. Para o Proteste, o regulamento &eacute; inconstitucional porque libera este mercado para as concession&aacute;rias de telecomunica&ccedil;&otilde;es, que estariam proibidas pela lei geral de telecomunica&ccedil;&otilde;es de prestar outro servi&ccedil;o que n&atilde;o a telefonia fixa. As empresas reconhecem que, de fato, as concession&aacute;rias n&atilde;o podem prestar oustro servi&ccedil;o, enquanto o artigo 87 da lei geral n&atilde;o for mudado. Mas lembram que n&atilde;o h&aacute; qualquer proibi&ccedil;&atilde;o constitucional ou legal para que as suas empresas coligadas possam prestar o servi&ccedil;o de TV a cabo.<span class=\"padrao\"><\/p>\n<p>Outro argumento tamb&eacute;m apresentado pelo Procon, de ilegalidade na transforma&ccedil;&atilde;o da concess&atilde;o de TV a cabo em autoriza&ccedil;&atilde;o, &eacute; tamb&eacute;m questionado pelos empres&aacute;rios, que assinalam que h&aacute; um grande arcabou&ccedil;o jur&iacute;dico respaldando a tese de que TV a cabo &eacute; um servi&ccedil;o privado, e, por isto, n&atilde;o pode ser uma concess&atilde;o p&uacute;blica. &quot;&Eacute; estranho que esses institutos se alinhem aos principais opositores da abertura de mercado da TV a cabo, que &eacute; a grande m&iacute;dia&quot;, alfinetou uma fonte.<\/span><\/p>\n","protected":false},"excerpt":{"rendered":"<p>Miriam Aquino &#8211; Tele S&iacute;ntese Executivos de concession&aacute;rias de telecom se dizem surpreendidos com a posi&ccedil;&atilde;o da Proteste e do Procon de S&atilde;o Paulo, que se manifestaram contr&aacute;rios ao regulamento de TV a cabo proposto pela Anatel, cuja consulta p&uacute;blica acabou ontem. Para eles, as duas entidades, ao se manifestarem contra a abertura de mercado &hellip; <a href=\"https:\/\/obscom.intervozes.org.br\/?p=25888\" class=\"more-link\">Continue lendo <span class=\"screen-reader-text\">Concession\u00e1rias estranham posi\u00e7\u00e3o de institutos de consumidor contra abertura da TV a cabo<\/span> <span class=\"meta-nav\">&rarr;<\/span><\/a><\/p>\n","protected":false},"author":1,"featured_media":0,"comment_status":"open","ping_status":"open","sticky":false,"template":"","format":"standard","meta":{"footnotes":""},"categories":[39],"tags":[],"_links":{"self":[{"href":"https:\/\/obscom.intervozes.org.br\/index.php?rest_route=\/wp\/v2\/posts\/25888"}],"collection":[{"href":"https:\/\/obscom.intervozes.org.br\/index.php?rest_route=\/wp\/v2\/posts"}],"about":[{"href":"https:\/\/obscom.intervozes.org.br\/index.php?rest_route=\/wp\/v2\/types\/post"}],"author":[{"embeddable":true,"href":"https:\/\/obscom.intervozes.org.br\/index.php?rest_route=\/wp\/v2\/users\/1"}],"replies":[{"embeddable":true,"href":"https:\/\/obscom.intervozes.org.br\/index.php?rest_route=%2Fwp%2Fv2%2Fcomments&post=25888"}],"version-history":[{"count":0,"href":"https:\/\/obscom.intervozes.org.br\/index.php?rest_route=\/wp\/v2\/posts\/25888\/revisions"}],"wp:attachment":[{"href":"https:\/\/obscom.intervozes.org.br\/index.php?rest_route=%2Fwp%2Fv2%2Fmedia&parent=25888"}],"wp:term":[{"taxonomy":"category","embeddable":true,"href":"https:\/\/obscom.intervozes.org.br\/index.php?rest_route=%2Fwp%2Fv2%2Fcategories&post=25888"},{"taxonomy":"post_tag","embeddable":true,"href":"https:\/\/obscom.intervozes.org.br\/index.php?rest_route=%2Fwp%2Fv2%2Ftags&post=25888"}],"curies":[{"name":"wp","href":"https:\/\/api.w.org\/{rel}","templated":true}]}}