{"id":25868,"date":"2011-07-26T15:20:27","date_gmt":"2011-07-26T15:20:27","guid":{"rendered":"https:\/\/obscom.intervozes.org.br\/wordpress\/?p=25868"},"modified":"2011-07-26T15:20:27","modified_gmt":"2011-07-26T15:20:27","slug":"proposta-de-desoneracao-de-redes-pode-ficar-para-depois-da-politica-industrial","status":"publish","type":"post","link":"https:\/\/obscom.intervozes.org.br\/?p=25868","title":{"rendered":"Proposta de desonera\u00e7\u00e3o de redes pode ficar para depois da pol\u00edtica industrial"},"content":{"rendered":"<p><span class=\"padrao\"><strong>Reda&ccedil;&atilde;o &#8211; Pay-TV<\/strong><\/p>\n<p>O ministro das Comunica&ccedil;&otilde;es, Paulo Bernardo, disse a este notici&aacute;rio que a proposta do regime tribut&aacute;rio especial que est&aacute; sendo desenhada pelo governo para incentivar a constru&ccedil;&atilde;o de redes de telecomunica&ccedil;&otilde;es pode acabar sendo anunciada posteriormente ao an&uacute;ncio da nova pol&iacute;tica industrial brasileira, na pr&oacute;xima semana. Segundo Bernardo, o que pode levar a esse atraso &eacute; o fato de a ideia ter surgido depois e ainda estar sendo negociada.<\/p>\n<p>Ele reiterou que a ideia do governo &eacute; desonerar a constru&ccedil;&atilde;o e os equipamentos das novas redes de PIS e Cofins, e que deve haver a exig&ecirc;ncia de euipamentos nacionais para o acesso aos benef&iacute;cios. O ministro confirmou tamb&eacute;m informa&ccedil;&atilde;o antecipada por este notici&aacute;rio de que as empresas ter&atilde;o um prazo limitado para aproveitar a desonera&ccedil;&atilde;o, de forma a for&ccedil;ar a antecipa&ccedil;&atilde;o de investimentos.<\/span><\/p>\n","protected":false},"excerpt":{"rendered":"<p>Reda&ccedil;&atilde;o &#8211; Pay-TV O ministro das Comunica&ccedil;&otilde;es, Paulo Bernardo, disse a este notici&aacute;rio que a proposta do regime tribut&aacute;rio especial que est&aacute; sendo desenhada pelo governo para incentivar a constru&ccedil;&atilde;o de redes de telecomunica&ccedil;&otilde;es pode acabar sendo anunciada posteriormente ao an&uacute;ncio da nova pol&iacute;tica industrial brasileira, na pr&oacute;xima semana. Segundo Bernardo, o que pode levar &hellip; <a href=\"https:\/\/obscom.intervozes.org.br\/?p=25868\" class=\"more-link\">Continue lendo <span class=\"screen-reader-text\">Proposta de desonera\u00e7\u00e3o de redes pode ficar para depois da pol\u00edtica industrial<\/span> <span class=\"meta-nav\">&rarr;<\/span><\/a><\/p>\n","protected":false},"author":1,"featured_media":0,"comment_status":"open","ping_status":"open","sticky":false,"template":"","format":"standard","meta":{"footnotes":""},"categories":[39],"tags":[],"_links":{"self":[{"href":"https:\/\/obscom.intervozes.org.br\/index.php?rest_route=\/wp\/v2\/posts\/25868"}],"collection":[{"href":"https:\/\/obscom.intervozes.org.br\/index.php?rest_route=\/wp\/v2\/posts"}],"about":[{"href":"https:\/\/obscom.intervozes.org.br\/index.php?rest_route=\/wp\/v2\/types\/post"}],"author":[{"embeddable":true,"href":"https:\/\/obscom.intervozes.org.br\/index.php?rest_route=\/wp\/v2\/users\/1"}],"replies":[{"embeddable":true,"href":"https:\/\/obscom.intervozes.org.br\/index.php?rest_route=%2Fwp%2Fv2%2Fcomments&post=25868"}],"version-history":[{"count":0,"href":"https:\/\/obscom.intervozes.org.br\/index.php?rest_route=\/wp\/v2\/posts\/25868\/revisions"}],"wp:attachment":[{"href":"https:\/\/obscom.intervozes.org.br\/index.php?rest_route=%2Fwp%2Fv2%2Fmedia&parent=25868"}],"wp:term":[{"taxonomy":"category","embeddable":true,"href":"https:\/\/obscom.intervozes.org.br\/index.php?rest_route=%2Fwp%2Fv2%2Fcategories&post=25868"},{"taxonomy":"post_tag","embeddable":true,"href":"https:\/\/obscom.intervozes.org.br\/index.php?rest_route=%2Fwp%2Fv2%2Ftags&post=25868"}],"curies":[{"name":"wp","href":"https:\/\/api.w.org\/{rel}","templated":true}]}}