{"id":25867,"date":"2011-07-26T15:12:44","date_gmt":"2011-07-26T15:12:44","guid":{"rendered":"https:\/\/obscom.intervozes.org.br\/wordpress\/?p=25867"},"modified":"2011-07-26T15:12:44","modified_gmt":"2011-07-26T15:12:44","slug":"projeto-de-lei-propoe-precos-reduzidos-a-alunos-da-rede-publica","status":"publish","type":"post","link":"https:\/\/obscom.intervozes.org.br\/?p=25867","title":{"rendered":"Projeto de Lei prop\u00f5e pre\u00e7os reduzidos a alunos da rede p\u00fablica"},"content":{"rendered":"<p><span class=\"padrao\">O Projeto de Lei 541\/11, que tramita na C&acirc;mara dos Deputados, traz a proposta de criar um nova pol&iacute;tica de incentivo aos alunos da rede p&uacute;blica para promover o acesso a salas de cinema.<\/p>\n<p>O projeto, do deputado Weliton Prado (PT-MG), prop&otilde;e pre&ccedil;os reduzidos para esses alunos, ainda menores que a meia-entrada, com sess&otilde;es especiais de cinema.<\/p>\n<p>Para isso, o poder p&uacute;blico firmaria conv&ecirc;nios com empresas de cinema para a realiza&ccedil;&atilde;o das sess&otilde;es, com agenda especial e os filmes seriam escolhidos a partir de crit&eacute;rios pedag&oacute;gicos.<\/p>\n<p>Em mat&eacute;ria da Ag&ecirc;ncia C&acirc;mara, o deputado diz que a proposta n&atilde;o traz despesas ao er&aacute;rio p&uacute;blico nem preju&iacute;zo aos cinemas. Segundo ele, o maior n&uacute;mero de frequentadores nas salas compensaria os pre&ccedil;os reduzidos dos ingressos.<\/p>\n<p>A proposta tramita em car&aacute;ter conclusivo e ser&aacute; analisada pelas comiss&otilde;es de Educa&ccedil;&atilde;o e Cultura; e de Constitui&ccedil;&atilde;o e Justi&ccedil;a e de Cidadania. Da Reda&ccedil;&atilde;o<\/span><\/p>\n","protected":false},"excerpt":{"rendered":"<p>O Projeto de Lei 541\/11, que tramita na C&acirc;mara dos Deputados, traz a proposta de criar um nova pol&iacute;tica de incentivo aos alunos da rede p&uacute;blica para promover o acesso a salas de cinema. O projeto, do deputado Weliton Prado (PT-MG), prop&otilde;e pre&ccedil;os reduzidos para esses alunos, ainda menores que a meia-entrada, com sess&otilde;es especiais &hellip; <a href=\"https:\/\/obscom.intervozes.org.br\/?p=25867\" class=\"more-link\">Continue lendo <span class=\"screen-reader-text\">Projeto de Lei prop\u00f5e pre\u00e7os reduzidos a alunos da rede p\u00fablica<\/span> <span class=\"meta-nav\">&rarr;<\/span><\/a><\/p>\n","protected":false},"author":1,"featured_media":0,"comment_status":"open","ping_status":"open","sticky":false,"template":"","format":"standard","meta":{"footnotes":""},"categories":[40],"tags":[414],"_links":{"self":[{"href":"https:\/\/obscom.intervozes.org.br\/index.php?rest_route=\/wp\/v2\/posts\/25867"}],"collection":[{"href":"https:\/\/obscom.intervozes.org.br\/index.php?rest_route=\/wp\/v2\/posts"}],"about":[{"href":"https:\/\/obscom.intervozes.org.br\/index.php?rest_route=\/wp\/v2\/types\/post"}],"author":[{"embeddable":true,"href":"https:\/\/obscom.intervozes.org.br\/index.php?rest_route=\/wp\/v2\/users\/1"}],"replies":[{"embeddable":true,"href":"https:\/\/obscom.intervozes.org.br\/index.php?rest_route=%2Fwp%2Fv2%2Fcomments&post=25867"}],"version-history":[{"count":0,"href":"https:\/\/obscom.intervozes.org.br\/index.php?rest_route=\/wp\/v2\/posts\/25867\/revisions"}],"wp:attachment":[{"href":"https:\/\/obscom.intervozes.org.br\/index.php?rest_route=%2Fwp%2Fv2%2Fmedia&parent=25867"}],"wp:term":[{"taxonomy":"category","embeddable":true,"href":"https:\/\/obscom.intervozes.org.br\/index.php?rest_route=%2Fwp%2Fv2%2Fcategories&post=25867"},{"taxonomy":"post_tag","embeddable":true,"href":"https:\/\/obscom.intervozes.org.br\/index.php?rest_route=%2Fwp%2Fv2%2Ftags&post=25867"}],"curies":[{"name":"wp","href":"https:\/\/api.w.org\/{rel}","templated":true}]}}