{"id":25860,"date":"2011-07-25T15:26:55","date_gmt":"2011-07-25T15:26:55","guid":{"rendered":"https:\/\/obscom.intervozes.org.br\/wordpress\/?p=25860"},"modified":"2011-07-25T15:26:55","modified_gmt":"2011-07-25T15:26:55","slug":"edital-considerara-varias-possibilidades-de-mitigacao-de-interferencia-do-wimax-nas-parabolicas","status":"publish","type":"post","link":"https:\/\/obscom.intervozes.org.br\/?p=25860","title":{"rendered":"Edital considerar\u00e1 v\u00e1rias possibilidades de mitiga\u00e7\u00e3o de interfer\u00eancia do WiMAX nas parab\u00f3licas"},"content":{"rendered":"<p><span class=\"padrao\">O edital para a venda das faixas de 3,5 GHz contemplar&aacute; v&aacute;rias ferramentas para mitigar a interfer&ecirc;ncia do sinal do WiMAX na recep&ccedil;&atilde;o das antenas parab&oacute;licas. A informa&ccedil;&atilde;o foi dada nesta sexta-feira, 22, pelo gerente geral de comunica&ccedil;&otilde;es pessoais terrestres da Superintend&ecirc;ncia de Servi&ccedil;os Privados da Anatel, Bruno Ramos. &ldquo;A resolu&ccedil;&atilde;o vai passar por diversas possibilidades&quot;, disse ele.<\/p>\n<p>Al&eacute;m da medida mais &oacute;bvia que &eacute; a instala&ccedil;&atilde;o de filtros, as outras alternativas ser&atilde;o: um espa&ccedil;o maior para a banda de guarda, regras para o isolamento eletromagn&eacute;tico da antena e restri&ccedil;&otilde;es para o uso da pot&ecirc;ncia m&aacute;xima permitida para a faixa. Bruno Ramos explica que, embora a pot&ecirc;ncia m&aacute;xima permitida para a faixa (at&eacute; 30W em 5 anos) tenha sido aprovada em resolu&ccedil;&atilde;o espec&iacute;fica, a ag&ecirc;ncia poder&aacute; no edital estabelecer limites inferiores ao da resolu&ccedil;&atilde;o.<\/p>\n<p>Bruno Ramos disse que os filtros usados hoje nas antenas s&atilde;o extremamente baratos, com custo de produ&ccedil;&atilde;o de US$ 1 e de venda de R$ 15, e tecnicamente nem poderiam ser considerados como filtros. Por isso, &eacute; preciso que se produzam filtros melhores e a&iacute; n&atilde;o se sabe at&eacute; que ponto os usu&aacute;rios das parab&oacute;licas ter&atilde;o condi&ccedil;&otilde;es de comprar esses equipamentos ou at&eacute; se a informa&ccedil;&atilde;o sobre essa necessidade chegaria at&eacute; eles.<\/p>\n<p>Bernardo Felipe Lins, representante da C&acirc;mara dos Deputados, mostrou a preocupa&ccedil;&atilde;o de o mercado estar ou n&atilde;o preparado para produzir esses novos filtros a pre&ccedil;os razo&aacute;veis. J&aacute; Virg&iacute;nia Galvez, representante do Senado Federal, disse que ouviu falar que os filtros custariam cerca de R$ 30. Bruno Ramos refor&ccedil;ou que a mitiga&ccedil;&atilde;o da interfer&ecirc;ncia ser&aacute; feita atrav&eacute;s de v&aacute;rias possibilidades, sendo uma delas, os filtros. &ldquo;Temos muito otimismo com rela&ccedil;&atilde;o &agrave; engenharia&rdquo;, disse ele acrescentando que n&atilde;o tem a informa&ccedil;&atilde;o sobre o pre&ccedil;o esperado para esses equipamentos.<\/p>\n<p>J&aacute; a posi&ccedil;&atilde;o do SindiTelebrasil &eacute; a de que a venda dessas faixas seja adiada at&eacute; que haja seguran&ccedil;a de que n&atilde;o haver&aacute; interfer&ecirc;ncias.<\/p>\n<p>Ap&oacute;s o final da consulta p&uacute;blica, que terminar&aacute; na pr&oacute;xima segunda 25, a Anatel formar&aacute; um grupo t&eacute;cnico com representantes das radiodifusoras e das interessadas na faixa de 3,5 GHz para dirimir as quest&otilde;es de interfer&ecirc;ncias e definir os termos finais do edital. At&eacute; o momento foram recebidas cerca de 60 contribui&ccedil;&otilde;es, mas Bruno Ramos acredita que a maior parte delas vir&aacute; no &uacute;ltimo dia da consulta. A Anatel licitar&aacute; uma banda de 35 MHz por &aacute;rea do PGO e oito blocos de 10 MHz que ser&atilde;o leiloados por c&oacute;digo de &aacute;rea. A empresa que comprar a faixa de 35 MHz n&atilde;o poder&aacute; disputar qualquer um dos blocos de 10 MHz.<\/span><\/p>\n<p>&nbsp;<\/p>\n<p>&nbsp;<\/p>\n","protected":false},"excerpt":{"rendered":"<p>O edital para a venda das faixas de 3,5 GHz contemplar&aacute; v&aacute;rias ferramentas para mitigar a interfer&ecirc;ncia do sinal do WiMAX na recep&ccedil;&atilde;o das antenas parab&oacute;licas. A informa&ccedil;&atilde;o foi dada nesta sexta-feira, 22, pelo gerente geral de comunica&ccedil;&otilde;es pessoais terrestres da Superintend&ecirc;ncia de Servi&ccedil;os Privados da Anatel, Bruno Ramos. &ldquo;A resolu&ccedil;&atilde;o vai passar por diversas &hellip; <a href=\"https:\/\/obscom.intervozes.org.br\/?p=25860\" class=\"more-link\">Continue lendo <span class=\"screen-reader-text\">Edital considerar\u00e1 v\u00e1rias possibilidades de mitiga\u00e7\u00e3o de interfer\u00eancia do WiMAX nas parab\u00f3licas<\/span> <span class=\"meta-nav\">&rarr;<\/span><\/a><\/p>\n","protected":false},"author":1,"featured_media":0,"comment_status":"open","ping_status":"open","sticky":false,"template":"","format":"standard","meta":{"footnotes":""},"categories":[40],"tags":[551],"_links":{"self":[{"href":"https:\/\/obscom.intervozes.org.br\/index.php?rest_route=\/wp\/v2\/posts\/25860"}],"collection":[{"href":"https:\/\/obscom.intervozes.org.br\/index.php?rest_route=\/wp\/v2\/posts"}],"about":[{"href":"https:\/\/obscom.intervozes.org.br\/index.php?rest_route=\/wp\/v2\/types\/post"}],"author":[{"embeddable":true,"href":"https:\/\/obscom.intervozes.org.br\/index.php?rest_route=\/wp\/v2\/users\/1"}],"replies":[{"embeddable":true,"href":"https:\/\/obscom.intervozes.org.br\/index.php?rest_route=%2Fwp%2Fv2%2Fcomments&post=25860"}],"version-history":[{"count":0,"href":"https:\/\/obscom.intervozes.org.br\/index.php?rest_route=\/wp\/v2\/posts\/25860\/revisions"}],"wp:attachment":[{"href":"https:\/\/obscom.intervozes.org.br\/index.php?rest_route=%2Fwp%2Fv2%2Fmedia&parent=25860"}],"wp:term":[{"taxonomy":"category","embeddable":true,"href":"https:\/\/obscom.intervozes.org.br\/index.php?rest_route=%2Fwp%2Fv2%2Fcategories&post=25860"},{"taxonomy":"post_tag","embeddable":true,"href":"https:\/\/obscom.intervozes.org.br\/index.php?rest_route=%2Fwp%2Fv2%2Ftags&post=25860"}],"curies":[{"name":"wp","href":"https:\/\/api.w.org\/{rel}","templated":true}]}}