{"id":25859,"date":"2011-07-25T15:24:19","date_gmt":"2011-07-25T15:24:19","guid":{"rendered":"https:\/\/obscom.intervozes.org.br\/wordpress\/?p=25859"},"modified":"2011-07-25T15:24:19","modified_gmt":"2011-07-25T15:24:19","slug":"proteste-ingressara-com-mais-uma-acao-contra-uniao","status":"publish","type":"post","link":"https:\/\/obscom.intervozes.org.br\/?p=25859","title":{"rendered":"ProTeste ingressar\u00e1 com mais uma a\u00e7\u00e3o contra Uni\u00e3o"},"content":{"rendered":"<p><span class=\"padrao\">A Anatel e a Uni&atilde;o ser&atilde;o mais uma vez polos passivos de uma a&ccedil;&atilde;o da ProTeste envolvendo a quest&atilde;o dos bens revers&iacute;veis. Dessa vez, o alvo da associa&ccedil;&atilde;o s&atilde;o os termos de compromisso assinados pelas concession&aacute;rias que n&atilde;o fazem qualquer alus&atilde;o &agrave; reversibilidade. No entendimento da ProTeste, uma vez que o governo definiu o backhaul como rede de suporte do STFC no decreto que trocou as metas de PSTs por backhaul e colocou expressamente que esse backhaul &eacute; revers&iacute;vel nos contratos de concess&atilde;o do PGMU 2,5, &eacute; preciso agora manter a coer&ecirc;ncia e o entendimento jur&iacute;dico anterior. &ldquo;O governo precisa ser coerente&rdquo;, diz a advogada Fl&aacute;via Lef&eacute;vre, representante da associa&ccedil;&atilde;o.<\/p>\n<p>A expectativa de Lef&egrave;vre &eacute; que at&eacute; o final de agosto a a&ccedil;&atilde;o seja impetrada na Justi&ccedil;a de Bras&iacute;lia. &ldquo;Estamos estudando os termos e reunindo as provas. Poderemos at&eacute; esperar as ofertas para provar a venda casada, mas n&atilde;o sei se ser&aacute; necess&aacute;rio porque os termos s&atilde;o claros ao permitir a venda casada&rdquo;, afirma.<\/p>\n<p>Quando confrontados sobre a aus&ecirc;ncia de cl&aacute;usula de reversibilidade nos termos de compromisso, representantes do governo argumentam que a oferta negociada com as teles &eacute; uma oferta de planos de servi&ccedil;o, n&atilde;o de infraestrutura, por isso n&atilde;o h&aacute; o que se falar em reversibilidade. Mas &eacute; certo que as empresas precisar&atilde;o construir backhaul para o cumprimento de parte das metas. Esse ponto foi questionado nesta sexta, 22, por Marcelo Miranda, membro do conselho consultivo da Anatel, e a resposta do consultor jur&iacute;dico do Minicom, Rodrigo Zerbone, n&atilde;o foi definitiva. Para ele, &eacute; revers&iacute;vel &agrave; Uni&atilde;o toda a rede essencial para a presta&ccedil;&atilde;o do servi&ccedil;o de STFC, mas ele n&atilde;o disse se esse backhaul que ser&aacute; constru&iacute;do poder&aacute; ou n&atilde;o ser essencial para o STFC.<\/p>\n<p><strong>Invent&aacute;rio<\/strong><\/p>\n<p>A ProTeste conseguiu a ades&atilde;o do Minist&eacute;rio P&uacute;blico ao seu pleito para que se tenha acesso ao invent&aacute;rio de bens revers&iacute;veis das teles e para que seja interrompido o processo de cria&ccedil;&atilde;o de um novo regulamento de bens revers&iacute;veis pela Anatel. Em parecer do dia 13 de julho, o procurador Marcus Marcellus Gonzaga Goulart adere integralmente a a&ccedil;&atilde;o civil p&uacute;blica da ProTeste de maio de 2011.<\/p>\n<p>O procurador afirma que a altera&ccedil;&atilde;o do regulamento dos bens revers&iacute;veis antes que a Anatel demostre que possui o invent&aacute;rio de tais bens e que efetivamente os fiscaliza, constitui medida &ldquo;deveras temer&aacute;ria para o er&aacute;rio&rdquo;. O procurador faz ainda duras cr&iacute;ticas ao tratamento dado pelo Minist&eacute;rio das Comunica&ccedil;&otilde;es, especialmente pelo secret&aacute;rio executivo Cezar Alvarez, ao tema. <a href=\"http:\/\/i.teletime.com.br\/arqs\/Outro\/34642.pdf\" target=\"_blank\">Leia a &iacute;ntegra da manifesta&ccedil;&atilde;o<\/a>  do procurador.<\/span><\/p>\n","protected":false},"excerpt":{"rendered":"<p>A Anatel e a Uni&atilde;o ser&atilde;o mais uma vez polos passivos de uma a&ccedil;&atilde;o da ProTeste envolvendo a quest&atilde;o dos bens revers&iacute;veis. Dessa vez, o alvo da associa&ccedil;&atilde;o s&atilde;o os termos de compromisso assinados pelas concession&aacute;rias que n&atilde;o fazem qualquer alus&atilde;o &agrave; reversibilidade. No entendimento da ProTeste, uma vez que o governo definiu o backhaul &hellip; <a href=\"https:\/\/obscom.intervozes.org.br\/?p=25859\" class=\"more-link\">Continue lendo <span class=\"screen-reader-text\">ProTeste ingressar\u00e1 com mais uma a\u00e7\u00e3o contra Uni\u00e3o<\/span> <span class=\"meta-nav\">&rarr;<\/span><\/a><\/p>\n","protected":false},"author":1,"featured_media":0,"comment_status":"open","ping_status":"open","sticky":false,"template":"","format":"standard","meta":{"footnotes":""},"categories":[40],"tags":[1072],"_links":{"self":[{"href":"https:\/\/obscom.intervozes.org.br\/index.php?rest_route=\/wp\/v2\/posts\/25859"}],"collection":[{"href":"https:\/\/obscom.intervozes.org.br\/index.php?rest_route=\/wp\/v2\/posts"}],"about":[{"href":"https:\/\/obscom.intervozes.org.br\/index.php?rest_route=\/wp\/v2\/types\/post"}],"author":[{"embeddable":true,"href":"https:\/\/obscom.intervozes.org.br\/index.php?rest_route=\/wp\/v2\/users\/1"}],"replies":[{"embeddable":true,"href":"https:\/\/obscom.intervozes.org.br\/index.php?rest_route=%2Fwp%2Fv2%2Fcomments&post=25859"}],"version-history":[{"count":0,"href":"https:\/\/obscom.intervozes.org.br\/index.php?rest_route=\/wp\/v2\/posts\/25859\/revisions"}],"wp:attachment":[{"href":"https:\/\/obscom.intervozes.org.br\/index.php?rest_route=%2Fwp%2Fv2%2Fmedia&parent=25859"}],"wp:term":[{"taxonomy":"category","embeddable":true,"href":"https:\/\/obscom.intervozes.org.br\/index.php?rest_route=%2Fwp%2Fv2%2Fcategories&post=25859"},{"taxonomy":"post_tag","embeddable":true,"href":"https:\/\/obscom.intervozes.org.br\/index.php?rest_route=%2Fwp%2Fv2%2Ftags&post=25859"}],"curies":[{"name":"wp","href":"https:\/\/api.w.org\/{rel}","templated":true}]}}