{"id":25857,"date":"2011-07-22T15:54:26","date_gmt":"2011-07-22T15:54:26","guid":{"rendered":"https:\/\/obscom.intervozes.org.br\/wordpress\/?p=25857"},"modified":"2011-07-22T15:54:26","modified_gmt":"2011-07-22T15:54:26","slug":"mercado-ja-esta-maduro-para-se-auto-regular-em-relacao-a-competicao-diz-conselheiro","status":"publish","type":"post","link":"https:\/\/obscom.intervozes.org.br\/?p=25857","title":{"rendered":"Mercado j\u00e1 est\u00e1 maduro para se auto-regular em rela\u00e7\u00e3o \u00e0 competi\u00e7\u00e3o, diz conselheiro"},"content":{"rendered":"<p><span class=\"padrao\">A Anatel aprovou a proposta do Plano Geral de Metas de Competi&ccedil;&atilde;o (PGMC) que entrar&aacute; em consulta p&uacute;blica por 45 dias a partir da pr&oacute;xima semana. Segundo o conselheiro Jo&atilde;o Rezende, relator da mat&eacute;ria, trata-se de uma das mais importantes medidas regulat&oacute;rias da Anatel, &quot;fundamental para o desenvolvimento e otimiza&ccedil;&atilde;o das redes para aumentar a competi&ccedil;&atilde;o e favorecer o usu&aacute;rio&quot;. A Anatel considera que existem muitos problemas de relacionamento entre as empresas de telecomunica&ccedil;&otilde;es e que o PGMC ajudar&aacute; a colocar ordem nesse mercado. A &iacute;ntegra do PGMC que entra em consulta p&uacute;blica na pr&oacute;xima semana pode <a href=\"http:\/\/i.teletime.com.br\/arqs\/Outro\/34582.pdf\" target=\"_blank\">ser acessada na homepage<\/a>  do site TELETIME.<\/p>\n<p>Mas a iniciativa da Anatel tem um impacto ainda maior. Ela est&aacute; delegando ao pr&oacute;prio mercado, por meio de uma s&eacute;rie de entidades aut&ocirc;nomas e n&atilde;o vinculadas &agrave; ag&ecirc;ncia, algumas atividades de supervis&atilde;o e controle do mercado. No limite, por exemplo, quest&otilde;es extremamente pol&ecirc;micas como o pre&ccedil;o da VU-M ou as condi&ccedil;&otilde;es para o unbundling de redes poder&atilde;o ser decididas por estas entidades e arbitradas por ela.<\/p>\n<p>Como j&aacute; havia antecipado este notici&aacute;rio, a principal das entidades ser&aacute; a Entidade Supervisora, que ter&aacute; como fun&ccedil;&atilde;o agregar informa&ccedil;&otilde;es sobre as ofertas de rede, avaliar a adequa&ccedil;&atilde;o das ofertas de refer&ecirc;ncia e at&eacute; mesmo funcionar como corte de arbitragem para casos de resolu&ccedil;&atilde;o de conflitos.<\/p>\n<p>Outras entidades s&atilde;o a entidade comparadora, que far&aacute; a compara&ccedil;&atilde;o dos valores referentes &agrave; oferta no varejo e uma entidade que representar&aacute; os grupos sem poder de mercado significativo (PMS) e poder&aacute; negociar por eles.<\/p>\n<p>Segundo o conselheiro Jo&atilde;o Rezende, &quot;a Anatel acredita que o mercado j&aacute; est&aacute; maduro para resolver seus pr&oacute;prios conflitos. Onde isso n&atilde;o for poss&iacute;vel, a Anatel vai intervir&quot;. A justificativa da ag&ecirc;ncia em defesa pelo modelo de delegar fun&ccedil;&otilde;es a essas entidades &eacute; que s&atilde;o demandas volumosas e que a Anatel n&atilde;o teria condi&ccedil;&otilde;es de acompanhar. &quot;Essa experi&ecirc;cia de entidades aut&ocirc;nomas funciona para a portabilidade e para roaming, por exemplo&quot;, disse o conselheiro. S&atilde;o, contudo, &aacute;reas em que h&aacute; pouco conflito, bem diferente do relacionamento entre operadoras em rela&ccedil;&atilde;o &agrave; comercializa&ccedil;&atilde;o das redes. <\/span><\/p>\n<p>&nbsp;<\/p>\n","protected":false},"excerpt":{"rendered":"<p>A Anatel aprovou a proposta do Plano Geral de Metas de Competi&ccedil;&atilde;o (PGMC) que entrar&aacute; em consulta p&uacute;blica por 45 dias a partir da pr&oacute;xima semana. Segundo o conselheiro Jo&atilde;o Rezende, relator da mat&eacute;ria, trata-se de uma das mais importantes medidas regulat&oacute;rias da Anatel, &quot;fundamental para o desenvolvimento e otimiza&ccedil;&atilde;o das redes para aumentar a &hellip; <a href=\"https:\/\/obscom.intervozes.org.br\/?p=25857\" class=\"more-link\">Continue lendo <span class=\"screen-reader-text\">Mercado j\u00e1 est\u00e1 maduro para se auto-regular em rela\u00e7\u00e3o \u00e0 competi\u00e7\u00e3o, diz conselheiro<\/span> <span class=\"meta-nav\">&rarr;<\/span><\/a><\/p>\n","protected":false},"author":1,"featured_media":0,"comment_status":"open","ping_status":"open","sticky":false,"template":"","format":"standard","meta":{"footnotes":""},"categories":[40],"tags":[1552],"_links":{"self":[{"href":"https:\/\/obscom.intervozes.org.br\/index.php?rest_route=\/wp\/v2\/posts\/25857"}],"collection":[{"href":"https:\/\/obscom.intervozes.org.br\/index.php?rest_route=\/wp\/v2\/posts"}],"about":[{"href":"https:\/\/obscom.intervozes.org.br\/index.php?rest_route=\/wp\/v2\/types\/post"}],"author":[{"embeddable":true,"href":"https:\/\/obscom.intervozes.org.br\/index.php?rest_route=\/wp\/v2\/users\/1"}],"replies":[{"embeddable":true,"href":"https:\/\/obscom.intervozes.org.br\/index.php?rest_route=%2Fwp%2Fv2%2Fcomments&post=25857"}],"version-history":[{"count":0,"href":"https:\/\/obscom.intervozes.org.br\/index.php?rest_route=\/wp\/v2\/posts\/25857\/revisions"}],"wp:attachment":[{"href":"https:\/\/obscom.intervozes.org.br\/index.php?rest_route=%2Fwp%2Fv2%2Fmedia&parent=25857"}],"wp:term":[{"taxonomy":"category","embeddable":true,"href":"https:\/\/obscom.intervozes.org.br\/index.php?rest_route=%2Fwp%2Fv2%2Fcategories&post=25857"},{"taxonomy":"post_tag","embeddable":true,"href":"https:\/\/obscom.intervozes.org.br\/index.php?rest_route=%2Fwp%2Fv2%2Ftags&post=25857"}],"curies":[{"name":"wp","href":"https:\/\/api.w.org\/{rel}","templated":true}]}}