{"id":25855,"date":"2011-07-22T15:03:20","date_gmt":"2011-07-22T15:03:20","guid":{"rendered":"https:\/\/obscom.intervozes.org.br\/wordpress\/?p=25855"},"modified":"2011-07-22T15:03:20","modified_gmt":"2011-07-22T15:03:20","slug":"ministerio-publico-quer-inventario-e-suspensao-do-novo-regulamento-sobre-bens-reversiveis","status":"publish","type":"post","link":"https:\/\/obscom.intervozes.org.br\/?p=25855","title":{"rendered":"Minist\u00e9rio P\u00fablico quer invent\u00e1rio e suspens\u00e3o do novo regulamento sobre bens revers\u00edveis"},"content":{"rendered":"<p><span class=\"padrao\">Diante das evid&ecirc;ncias de controle prec&aacute;rio sobre os bens revers&iacute;veis sob controle das concession&aacute;rias de telefonia, o Minist&eacute;rio P&uacute;blico Federal quer que a Anatel divulgue o invent&aacute;rio desse patrim&ocirc;nio p&uacute;blico e suspenda a tramita&ccedil;&atilde;o do novo regulamento em discuss&atilde;o no &oacute;rg&atilde;o regulador &#8211; proposta que, em ess&ecirc;ncia, permite que as empresas vendam ou substituam os bens vinculados &agrave; concess&atilde;o mesmo sem o conhecimento da ag&ecirc;ncia.<\/p>\n<p>Em parecer datado de 13\/7, o procurador da Rep&uacute;blica, Marcus Marcelus Gonzaga Goulart, argumenta que as alega&ccedil;&otilde;es da Anatel de que a lista dos bens &eacute; protegida por sigilo comercial n&atilde;o faz sentido &#8211; afinal, o patrim&ocirc;nio &eacute; da Uni&atilde;o &#8211; e que a mudan&ccedil;a nas regras relativas a eles &eacute; &quot;temer&aacute;ria ao er&aacute;rio&quot;, visto que uma auditoria realizada pelo pr&oacute;prio &oacute;rg&atilde;o regulador, conclu&iacute;da no ano passado, constatou que sobram irregularidades nesse assunto.<\/p>\n<p>O MPF, assim, apoia o pedido feito &agrave; Justi&ccedil;a pela Proteste, em a&ccedil;&atilde;o de maio deste ano, na qual a entidade de defesa dos consumidores requer uma c&oacute;pia dos invent&aacute;rios dos bens e a suspens&atilde;o do novo regulamento. Junta-se &agrave; fila onde tamb&eacute;m est&atilde;o o Tribunal de Contas da Uni&atilde;o, esse desde 2008, e a C&acirc;mara dos Deputados, que aprovou requerimento igualmente pedindo a lista do patrim&ocirc;nio &agrave; Anatel.<\/p>\n<p>Justi&ccedil;a seja feita, apesar de j&aacute; ter alegado possuir &quot;controle absoluto&quot; sobre os bens revers&iacute;veis, a pr&oacute;pria Anatel quer a lista tamb&eacute;m. Tanto que determinou &agrave; Oi (incluindo a fatia da Brasil Telecom) e &agrave; Embratel que realizassem um invent&aacute;rio do patrim&ocirc;nio &#8211; a Telef&ocirc;nica se prontificou a faz&ecirc;-lo antes de ser obrigada. Deu &agrave;s empresas seis meses para conclu&iacute;rem o trabalho, prazo que venceu no &uacute;ltimo dia 10.<\/p>\n<p>A determina&ccedil;&atilde;o da ag&ecirc;ncia veio &agrave; reboque de uma auditoria, conclu&iacute;da no ano passado, que verificou v&aacute;rias irregularidades no tocante aos bens revers&iacute;veis. As empresas n&atilde;o mant&eacute;m invent&aacute;rio atualizado e, mais grave, alienaram, substitu&iacute;ram e oneraram bens sem anu&ecirc;ncia da Anatel, o que contraria a legisla&ccedil;&atilde;o e os contratos de concess&atilde;o, bem como n&atilde;o inclu&iacute;ram cl&aacute;usulas de sub-roga&ccedil;&atilde;o em contratos com terceiros. Naturalmente, tampouco depositaram os recursos provenientes das vendas em conta vinculada, como tamb&eacute;m prev&ecirc; a lei.<\/p>\n<p>A auditoria (Relat&oacute;rio 11\/2010-AUD) revelou, ainda, que apesar de pelo menos cinco Processos de Apura&ccedil;&atilde;o de Descumprimento de Obriga&ccedil;&otilde;es (Pados) terem sido abertos sobre os problemas identificados com os bens revers&iacute;veis, somente dois foram julgados com a aplica&ccedil;&atilde;o de multas nas concession&aacute;rias &#8211; de quase R$ 100 milh&otilde;es, segundo a Superintend&ecirc;ncia de Servi&ccedil;os P&uacute;blicos da ag&ecirc;ncia -, mas estas n&atilde;o foram recolhidas.<\/p>\n<p>N&atilde;o surpreende, portanto, que o Minist&eacute;rio P&uacute;blico entenda que &quot;o perigo de dano decorrente da neglig&ecirc;ncia da Anatel em rela&ccedil;&atilde;o ao invent&aacute;rio dos bens revers&iacute;veis vem aumentando a cada dia&quot;. Da&iacute;, portanto, apoiar integralmente o pedido feito pela Proteste para que as listas sejam apresentadas. Al&eacute;m disso, sustenta o procurador que &quot;a altera&ccedil;&atilde;o do regulamento dos bens revers&iacute;veis, antes que a Anatel demonstre que possui o invent&aacute;rio de tais bens e que efetivamente os fiscaliza, constitui medida deveras temer&aacute;ria para o er&aacute;rio&quot;.<\/p>\n<p>O MPF tamb&eacute;m critica o tratamento por vezes dado aos bens revers&iacute;veis e lembra o que chamou de &quot;gracejo&quot; do secret&aacute;rio-executivo do Minist&eacute;rio das Comunica&ccedil;&otilde;es, Cezar Alvarez, ao mencionar a revers&atilde;o ao patrim&ocirc;nio da Uni&atilde;o de &quot;fusquinha 68&quot; e &quot;computador 386&quot;. Para o Minist&eacute;rio P&uacute;blico, tal tratamento &quot;revela a falta de seriedade (para n&atilde;o dizer m&aacute;-f&eacute;) com que as autoridades do setor encaram a altera&ccedil;&atilde;o do regulamento&quot;.<\/p>\n<p>Explica-se. Tratar os bens como obsoletos n&atilde;o omite apenas o fato de que os meios para a presta&ccedil;&atilde;o do servi&ccedil;o, que &eacute; p&uacute;blico, devem retornar &agrave; Uni&atilde;o como garantia de continuidade ap&oacute;s o fim das concess&otilde;es. Em 2025, o Estado &#8211; vale dizer, os brasileiros &#8211; vai entregar um cheque &agrave;s operadoras em compensa&ccedil;&atilde;o pela moderniza&ccedil;&atilde;o da infraestrutura, prevista nas regras do jogo.<\/p>\n<p>Como bem colocou o deputado Hugo Motta (PMDB-PB), autor do requerimento da C&acirc;mara, &quot;como ressarci-las se n&atilde;o sabemos o que t&iacute;nhamos antes?&quot; Assim entendido, n&atilde;o &eacute; demais lembrar que nas contas das pr&oacute;prias concession&aacute;rias de telefonia &#8211; que a cautela recomenda tratar como subdimensionadas -o &quot;fusquinha&quot; vale mais de R$ 20 bilh&otilde;es.<\/span><\/p>\n","protected":false},"excerpt":{"rendered":"<p>Diante das evid&ecirc;ncias de controle prec&aacute;rio sobre os bens revers&iacute;veis sob controle das concession&aacute;rias de telefonia, o Minist&eacute;rio P&uacute;blico Federal quer que a Anatel divulgue o invent&aacute;rio desse patrim&ocirc;nio p&uacute;blico e suspenda a tramita&ccedil;&atilde;o do novo regulamento em discuss&atilde;o no &oacute;rg&atilde;o regulador &#8211; proposta que, em ess&ecirc;ncia, permite que as empresas vendam ou substituam os &hellip; <a href=\"https:\/\/obscom.intervozes.org.br\/?p=25855\" class=\"more-link\">Continue lendo <span class=\"screen-reader-text\">Minist\u00e9rio P\u00fablico quer invent\u00e1rio e suspens\u00e3o do novo regulamento sobre bens revers\u00edveis<\/span> <span class=\"meta-nav\">&rarr;<\/span><\/a><\/p>\n","protected":false},"author":1,"featured_media":0,"comment_status":"open","ping_status":"open","sticky":false,"template":"","format":"standard","meta":{"footnotes":""},"categories":[40],"tags":[106],"_links":{"self":[{"href":"https:\/\/obscom.intervozes.org.br\/index.php?rest_route=\/wp\/v2\/posts\/25855"}],"collection":[{"href":"https:\/\/obscom.intervozes.org.br\/index.php?rest_route=\/wp\/v2\/posts"}],"about":[{"href":"https:\/\/obscom.intervozes.org.br\/index.php?rest_route=\/wp\/v2\/types\/post"}],"author":[{"embeddable":true,"href":"https:\/\/obscom.intervozes.org.br\/index.php?rest_route=\/wp\/v2\/users\/1"}],"replies":[{"embeddable":true,"href":"https:\/\/obscom.intervozes.org.br\/index.php?rest_route=%2Fwp%2Fv2%2Fcomments&post=25855"}],"version-history":[{"count":0,"href":"https:\/\/obscom.intervozes.org.br\/index.php?rest_route=\/wp\/v2\/posts\/25855\/revisions"}],"wp:attachment":[{"href":"https:\/\/obscom.intervozes.org.br\/index.php?rest_route=%2Fwp%2Fv2%2Fmedia&parent=25855"}],"wp:term":[{"taxonomy":"category","embeddable":true,"href":"https:\/\/obscom.intervozes.org.br\/index.php?rest_route=%2Fwp%2Fv2%2Fcategories&post=25855"},{"taxonomy":"post_tag","embeddable":true,"href":"https:\/\/obscom.intervozes.org.br\/index.php?rest_route=%2Fwp%2Fv2%2Ftags&post=25855"}],"curies":[{"name":"wp","href":"https:\/\/api.w.org\/{rel}","templated":true}]}}