{"id":25846,"date":"2011-07-21T12:53:09","date_gmt":"2011-07-21T12:53:09","guid":{"rendered":"https:\/\/obscom.intervozes.org.br\/wordpress\/?p=25846"},"modified":"2011-07-21T12:53:09","modified_gmt":"2011-07-21T12:53:09","slug":"regime-tributario-especial-para-novas-redes-preve-antecipacao-de-investimentos","status":"publish","type":"post","link":"https:\/\/obscom.intervozes.org.br\/?p=25846","title":{"rendered":"Regime tribut\u00e1rio especial para novas redes prev\u00ea antecipa\u00e7\u00e3o de investimentos"},"content":{"rendered":"<p><span class=\"padrao\">O governo aposta que as diretrizes que ser&atilde;o colocadas na nova pol&iacute;tica industrial em rela&ccedil;&atilde;o ao regime tribut&aacute;rio especial para a constru&ccedil;&atilde;o de novas redes, aliado &agrave;s medidas que ser&atilde;o estabelecidas pela Anatel no Plano Geral de Metas de Competi&ccedil;&atilde;o e &agrave;s metas que ser&atilde;o impostas &agrave;s concession&aacute;rias nas regras de qualidade do Servi&ccedil;o de Comunica&ccedil;&atilde;o Multim&iacute;dia, a serem estabelecidas at&eacute; outubro, ter&atilde;o forte papel indutor na constru&ccedil;&atilde;o de novas redes de telecomunica&ccedil;&otilde;es e recupera&ccedil;&atilde;o dos n&iacute;veis de investimento do setor privado em infraestrutura.<\/p>\n<p>A principal pol&iacute;tica, j&aacute; antecipada superficialmente pelo ministro Paulo Bernardo, &eacute; o regime especial de tributa&ccedil;&atilde;o que prev&ecirc; isen&ccedil;&atilde;o de PIS e Cofins na constru&ccedil;&atilde;o de novas redes. Mas essa pol&iacute;tica ter&aacute; um prazo estabelecido, de tr&ecirc;s anos no m&aacute;ximo, segundo apurou este notici&aacute;rio.<\/p>\n<p>Com isso, quem quiser se beneficiar desses incentivos que ser&atilde;o dados pelo governo (a pol&iacute;tica industrial deve sair em agosto) ter&aacute; que antecipar investimentos previstos para m&eacute;dio e longo prazo. Com isso, a aposta &eacute; que as operadoras acelerar&atilde;o suas previs&otilde;es de expans&atilde;o de rede, ao mesmo tempo em que novos investidores se sentir&atilde;o estimulados a investir em novas infraestruturas.<\/p>\n<p>Ao mesmo tempo, a determina&ccedil;&atilde;o da presid&ecirc;ncia da Rep&uacute;blica &eacute; para que a Anatel trabalhe com uma meta de ter pelo menos 50% de qualidade garantida nos servi&ccedil;os de banda larga fixa. Se a proposta que prevalecer for nessa dire&ccedil;&atilde;o, a aposta do governo &eacute; que isso tamb&eacute;m demandar&aacute; mais investimentos em infraestrutura.<\/p>\n<p>Por fim, o Plano Geral de Metas de Competi&ccedil;&atilde;o, que deve ser aprovado para consulta p&uacute;blica esta semana pela Anatel, trar&aacute; medidas importantes na regula&ccedil;&atilde;o do mercado de atacado que tamb&eacute;m pressionar&atilde;o as operadoras a investirem em rede. Na teoria, o plano para estimular o mercado de redes de telecom &eacute; esse.<\/span><\/p>\n<p>&nbsp;<\/p>\n<p>&nbsp;<\/p>\n","protected":false},"excerpt":{"rendered":"<p>O governo aposta que as diretrizes que ser&atilde;o colocadas na nova pol&iacute;tica industrial em rela&ccedil;&atilde;o ao regime tribut&aacute;rio especial para a constru&ccedil;&atilde;o de novas redes, aliado &agrave;s medidas que ser&atilde;o estabelecidas pela Anatel no Plano Geral de Metas de Competi&ccedil;&atilde;o e &agrave;s metas que ser&atilde;o impostas &agrave;s concession&aacute;rias nas regras de qualidade do Servi&ccedil;o de &hellip; <a href=\"https:\/\/obscom.intervozes.org.br\/?p=25846\" class=\"more-link\">Continue lendo <span class=\"screen-reader-text\">Regime tribut\u00e1rio especial para novas redes prev\u00ea antecipa\u00e7\u00e3o de investimentos<\/span> <span class=\"meta-nav\">&rarr;<\/span><\/a><\/p>\n","protected":false},"author":1,"featured_media":0,"comment_status":"open","ping_status":"open","sticky":false,"template":"","format":"standard","meta":{"footnotes":""},"categories":[40],"tags":[1072],"_links":{"self":[{"href":"https:\/\/obscom.intervozes.org.br\/index.php?rest_route=\/wp\/v2\/posts\/25846"}],"collection":[{"href":"https:\/\/obscom.intervozes.org.br\/index.php?rest_route=\/wp\/v2\/posts"}],"about":[{"href":"https:\/\/obscom.intervozes.org.br\/index.php?rest_route=\/wp\/v2\/types\/post"}],"author":[{"embeddable":true,"href":"https:\/\/obscom.intervozes.org.br\/index.php?rest_route=\/wp\/v2\/users\/1"}],"replies":[{"embeddable":true,"href":"https:\/\/obscom.intervozes.org.br\/index.php?rest_route=%2Fwp%2Fv2%2Fcomments&post=25846"}],"version-history":[{"count":0,"href":"https:\/\/obscom.intervozes.org.br\/index.php?rest_route=\/wp\/v2\/posts\/25846\/revisions"}],"wp:attachment":[{"href":"https:\/\/obscom.intervozes.org.br\/index.php?rest_route=%2Fwp%2Fv2%2Fmedia&parent=25846"}],"wp:term":[{"taxonomy":"category","embeddable":true,"href":"https:\/\/obscom.intervozes.org.br\/index.php?rest_route=%2Fwp%2Fv2%2Fcategories&post=25846"},{"taxonomy":"post_tag","embeddable":true,"href":"https:\/\/obscom.intervozes.org.br\/index.php?rest_route=%2Fwp%2Fv2%2Ftags&post=25846"}],"curies":[{"name":"wp","href":"https:\/\/api.w.org\/{rel}","templated":true}]}}