{"id":25844,"date":"2011-07-20T15:55:21","date_gmt":"2011-07-20T15:55:21","guid":{"rendered":"https:\/\/obscom.intervozes.org.br\/wordpress\/?p=25844"},"modified":"2011-07-20T15:55:21","modified_gmt":"2011-07-20T15:55:21","slug":"comissao-da-verdade-sera-tema-de-audiencia-publica","status":"publish","type":"post","link":"https:\/\/obscom.intervozes.org.br\/?p=25844","title":{"rendered":"Comiss\u00e3o da Verdade ser\u00e1 tema de audi\u00eancia p\u00fablica"},"content":{"rendered":"<p><span class=\"padrao\"><strong>Reda&ccedil;&atilde;o &#8211; Ag&ecirc;ncia C&acirc;mara<\/strong><\/p>\n<p>A Comiss&atilde;o de Rela&ccedil;&otilde;es Exteriores e de Defesa Nacional vai realizar audi&ecirc;ncia p&uacute;blica para discutir o Projeto de Lei 7376\/10, que cria a Comiss&atilde;o Nacional da Verdade, ligada &agrave; Casa Civil da Presid&ecirc;ncia da Rep&uacute;blica.<\/p>\n<p>O debate foi sugerido pelos deputados Dr. Rosinha (PT-PR) e Arlindo Chinaglia (PT-SP). O objetivo da comiss&atilde;o, segundo o governo, &eacute; esclarecer casos de viola&ccedil;&atilde;o de direitos humanos ocorridos entre 1946 e 1988 &ndash; inclusive a autoria de tortura, mortes, desaparecimentos for&ccedil;ados e oculta&ccedil;&atilde;o de cad&aacute;veres.<\/p>\n<p>Devem ser convidados representantes do Minist&eacute;rio da Defesa; da Secretaria Nacional de Direitos Humanos (Projeto Direito &agrave; Mem&oacute;ria e &agrave; Verdade); da Organiza&ccedil;&atilde;o dos Advogados do Brasil (OAB); e do Comit&ecirc; pela Verdade e Mem&oacute;ria do DF.<\/p>\n<p>A data da audi&ecirc;ncia ainda n&atilde;o foi definida.<\/span><\/p>\n","protected":false},"excerpt":{"rendered":"<p>Reda&ccedil;&atilde;o &#8211; Ag&ecirc;ncia C&acirc;mara A Comiss&atilde;o de Rela&ccedil;&otilde;es Exteriores e de Defesa Nacional vai realizar audi&ecirc;ncia p&uacute;blica para discutir o Projeto de Lei 7376\/10, que cria a Comiss&atilde;o Nacional da Verdade, ligada &agrave; Casa Civil da Presid&ecirc;ncia da Rep&uacute;blica. O debate foi sugerido pelos deputados Dr. Rosinha (PT-PR) e Arlindo Chinaglia (PT-SP). O objetivo da &hellip; <a href=\"https:\/\/obscom.intervozes.org.br\/?p=25844\" class=\"more-link\">Continue lendo <span class=\"screen-reader-text\">Comiss\u00e3o da Verdade ser\u00e1 tema de audi\u00eancia p\u00fablica<\/span> <span class=\"meta-nav\">&rarr;<\/span><\/a><\/p>\n","protected":false},"author":1,"featured_media":0,"comment_status":"open","ping_status":"open","sticky":false,"template":"","format":"standard","meta":{"footnotes":""},"categories":[39],"tags":[],"_links":{"self":[{"href":"https:\/\/obscom.intervozes.org.br\/index.php?rest_route=\/wp\/v2\/posts\/25844"}],"collection":[{"href":"https:\/\/obscom.intervozes.org.br\/index.php?rest_route=\/wp\/v2\/posts"}],"about":[{"href":"https:\/\/obscom.intervozes.org.br\/index.php?rest_route=\/wp\/v2\/types\/post"}],"author":[{"embeddable":true,"href":"https:\/\/obscom.intervozes.org.br\/index.php?rest_route=\/wp\/v2\/users\/1"}],"replies":[{"embeddable":true,"href":"https:\/\/obscom.intervozes.org.br\/index.php?rest_route=%2Fwp%2Fv2%2Fcomments&post=25844"}],"version-history":[{"count":0,"href":"https:\/\/obscom.intervozes.org.br\/index.php?rest_route=\/wp\/v2\/posts\/25844\/revisions"}],"wp:attachment":[{"href":"https:\/\/obscom.intervozes.org.br\/index.php?rest_route=%2Fwp%2Fv2%2Fmedia&parent=25844"}],"wp:term":[{"taxonomy":"category","embeddable":true,"href":"https:\/\/obscom.intervozes.org.br\/index.php?rest_route=%2Fwp%2Fv2%2Fcategories&post=25844"},{"taxonomy":"post_tag","embeddable":true,"href":"https:\/\/obscom.intervozes.org.br\/index.php?rest_route=%2Fwp%2Fv2%2Ftags&post=25844"}],"curies":[{"name":"wp","href":"https:\/\/api.w.org\/{rel}","templated":true}]}}