{"id":25834,"date":"2011-07-18T15:59:27","date_gmt":"2011-07-18T15:59:27","guid":{"rendered":"https:\/\/obscom.intervozes.org.br\/wordpress\/?p=25834"},"modified":"2011-07-18T15:59:27","modified_gmt":"2011-07-18T15:59:27","slug":"prestadoras-sao-contra-cota-para-programacao-regional-proposta-pela-anatel","status":"publish","type":"post","link":"https:\/\/obscom.intervozes.org.br\/?p=25834","title":{"rendered":"Prestadoras s\u00e3o contra cota para programa\u00e7\u00e3o regional proposta pela Anatel"},"content":{"rendered":"<p><span class=\"padrao\">As atuais prestadoras de servi&ccedil;o de TV a cabo e interessados em ingressar neste mercado s&atilde;o contra o estabelecimento de metas de programa&ccedil;&atilde;o regional no termo de autoriza&ccedil;&atilde;o para explorar o servi&ccedil;o de TV a Cabo, como quer a Anatel nas consultas p&uacute;blicas 32 e 33, cujos prazos para contribui&ccedil;&atilde;o se encerraram no &uacute;ltimo dia 16.<\/p>\n<p>O dispositivo, que aparece tanto no termo de novas outorgas (consulta 33) quanto no de outorgas atuais (consulta 32), estabelece que a autorizada dever&aacute; destinar 1% do tempo total semanal de todos os canais de livre programa&ccedil;&atilde;o &agrave; programa&ccedil;&atilde;o regional.<\/p>\n<p>Representantes da ABTA e da Net argumentam que o dispositivo afronta a Lei do Cabo, onde fica estabelecido que &ldquo;o servi&ccedil;o de TV a cabo &eacute; destinado a promover a cultura universal e nacional, a diversidade de fontes de informa&ccedil;&atilde;o, o lazer e o entretenimento, a pluralidade pol&iacute;tica e o desenvolvimento social e econ&ocirc;mico do pa&iacute;s&rdquo;. Assim, a associa&ccedil;&atilde;o entende que novas obriga&ccedil;&otilde;es de programa&ccedil;&atilde;o s&oacute; dependem de lei aprovada pelo Congresso Nacional.<\/p>\n<p>J&aacute; a Globosat, programadora de canais, acrescenta que o cumprimento &eacute; invi&aacute;vel tendo em vista a diversidade de programa&ccedil;&atilde;o regional a ser produzida em fun&ccedil;&atilde;o do n&uacute;mero elevado de &Aacute;reas de Presta&ccedil;&atilde;o de Servi&ccedil;o (APs). A Oi e a CTBC lembram que a atividade de programa&ccedil;&atilde;o &eacute; fun&ccedil;&atilde;o da programadora e, por isso, a prestadora do servi&ccedil;o de TV a cabo n&atilde;o tem interfer&ecirc;ncia sobre a elabora&ccedil;&atilde;o da grade de programa&ccedil;&atilde;o.<\/p>\n<p><strong>&Aacute;rea de presta&ccedil;&atilde;o<\/strong><\/p>\n<p>Net e a Globo se manifestaram contr&aacute;rias &agrave; mudan&ccedil;a da &aacute;rea de presta&ccedil;&atilde;o que era por munic&iacute;pios para a &aacute;rea de numera&ccedil;&atilde;o do Plano Geral de C&oacute;digos Nacionais (PGN). A Net diz que a mudan&ccedil;a acarretar&aacute; dificuldades no cumprimento das obriga&ccedil;&otilde;es dispostas no regulamento, em especial em rela&ccedil;&atilde;o &agrave; distribui&ccedil;&atilde;o dos canais legislativos, comunit&aacute;rios e universit&aacute;rios que diferem por munic&iacute;pio e n&atilde;o por PGN. A contribui&ccedil;&atilde;o da Globo vai na mesma dire&ccedil;&atilde;o. Para a companhia, se a proposta da Anatel prevalecer, assinantes de TV a cabo ser&atilde;o obrigados a assistir, por exemplo, &agrave; &eacute;poca de elei&ccedil;&atilde;o, &agrave; propaganda partid&aacute;ria de candidatos de outros munic&iacute;pios que n&atilde;o o seu. A proposta, afeta o modelo de must carry na medida em que a &aacute;rea de presta&ccedil;&atilde;o do servi&ccedil;o pode compreender a localidade de mais de uma geradora de radiodifus&atilde;o, diz a Globo.<\/p>\n<p><strong>Concess&atilde;o x autoriza&ccedil;&atilde;o<\/strong><\/p>\n<p>Como j&aacute; foi manifestada na audi&ecirc;ncia p&uacute;blica que a Anatel promoveu sobre o assunto, a altera&ccedil;&atilde;o do termo &ldquo;concess&atilde;o&rdquo; para &ldquo;autoriza&ccedil;&atilde;o&rdquo; foi bastante criticada nas consultas p&uacute;blicas sobre os termos de autoriza&ccedil;&atilde;o. A ABTA sustenta que como a presta&ccedil;&atilde;o do servi&ccedil;o de TV a cabo &eacute; disciplinada em Lei, o regime jur&iacute;dico de presta&ccedil;&atilde;o do servi&ccedil;o s&oacute; pode ser alterado por outra lei. A associa&ccedil;&atilde;o lembra que o Congresso Nacional est&aacute; prestes a aprovar o PLC 116, que vai justamente dar um novo ornamento jur&iacute;dico ao servi&ccedil;o de TV a Cabo.<\/p>\n<p>Tamb&eacute;m foi criticado o fato de a Anatel pretender cobrar o pre&ccedil;o administrativo pelas novas outorgas no lugar do processo licitat&oacute;rio como prev&ecirc; a Lei do Cabo, e o estabelecimento de n&uacute;mero ilimitado de outorgas.<\/span><\/p>\n","protected":false},"excerpt":{"rendered":"<p>As atuais prestadoras de servi&ccedil;o de TV a cabo e interessados em ingressar neste mercado s&atilde;o contra o estabelecimento de metas de programa&ccedil;&atilde;o regional no termo de autoriza&ccedil;&atilde;o para explorar o servi&ccedil;o de TV a Cabo, como quer a Anatel nas consultas p&uacute;blicas 32 e 33, cujos prazos para contribui&ccedil;&atilde;o se encerraram no &uacute;ltimo dia &hellip; <a href=\"https:\/\/obscom.intervozes.org.br\/?p=25834\" class=\"more-link\">Continue lendo <span class=\"screen-reader-text\">Prestadoras s\u00e3o contra cota para programa\u00e7\u00e3o regional proposta pela Anatel<\/span> <span class=\"meta-nav\">&rarr;<\/span><\/a><\/p>\n","protected":false},"author":1,"featured_media":0,"comment_status":"open","ping_status":"open","sticky":false,"template":"","format":"standard","meta":{"footnotes":""},"categories":[40],"tags":[437],"_links":{"self":[{"href":"https:\/\/obscom.intervozes.org.br\/index.php?rest_route=\/wp\/v2\/posts\/25834"}],"collection":[{"href":"https:\/\/obscom.intervozes.org.br\/index.php?rest_route=\/wp\/v2\/posts"}],"about":[{"href":"https:\/\/obscom.intervozes.org.br\/index.php?rest_route=\/wp\/v2\/types\/post"}],"author":[{"embeddable":true,"href":"https:\/\/obscom.intervozes.org.br\/index.php?rest_route=\/wp\/v2\/users\/1"}],"replies":[{"embeddable":true,"href":"https:\/\/obscom.intervozes.org.br\/index.php?rest_route=%2Fwp%2Fv2%2Fcomments&post=25834"}],"version-history":[{"count":0,"href":"https:\/\/obscom.intervozes.org.br\/index.php?rest_route=\/wp\/v2\/posts\/25834\/revisions"}],"wp:attachment":[{"href":"https:\/\/obscom.intervozes.org.br\/index.php?rest_route=%2Fwp%2Fv2%2Fmedia&parent=25834"}],"wp:term":[{"taxonomy":"category","embeddable":true,"href":"https:\/\/obscom.intervozes.org.br\/index.php?rest_route=%2Fwp%2Fv2%2Fcategories&post=25834"},{"taxonomy":"post_tag","embeddable":true,"href":"https:\/\/obscom.intervozes.org.br\/index.php?rest_route=%2Fwp%2Fv2%2Ftags&post=25834"}],"curies":[{"name":"wp","href":"https:\/\/api.w.org\/{rel}","templated":true}]}}