{"id":25831,"date":"2011-07-18T14:55:35","date_gmt":"2011-07-18T14:55:35","guid":{"rendered":"https:\/\/obscom.intervozes.org.br\/wordpress\/?p=25831"},"modified":"2011-07-18T14:55:35","modified_gmt":"2011-07-18T14:55:35","slug":"prefeito-de-bh-veta-pl-que-proibe-a-comercializacao-de-alimento-com-brindes-ou-brinquedos","status":"publish","type":"post","link":"https:\/\/obscom.intervozes.org.br\/?p=25831","title":{"rendered":"Prefeito de BH veta PL que pro\u00edbe a comercializa\u00e7\u00e3o de alimento com brindes ou brinquedos"},"content":{"rendered":"<p><span class=\"padrao\"><strong>Reda&ccedil;&atilde;o &#8211; Consemismo e inf&ecirc;ncia<\/strong><\/p>\n<p>O prefeito de Belo Horizonte, Marcio Araujo de Lacerda, do PSB, vetou em 14 de julho, a proposi&ccedil;&atilde;o de lei que impediria a comercializa&ccedil;&atilde;o de alimentos junto com brindes ou brinquedos. A proposta, de autoria da vereadora Maria L&uacute;cia Scarpelli, do PC do B, havia sido aprovada pela Assembl&eacute;ia Legislativa por 36 vereadores.<\/p>\n<p>Segundo Lacerda, o projeto de lei, ao defender a sa&uacute;de coletiva, fere o direito das empresas de explorar um segmento comercial. &ldquo;O que se prop&otilde;e estudar, e isso ocorre em todos os casos em que se discute qual o direito preponderante entre os valores confrontados, &eacute; se existe razoabilidade ou proporcionalidade nas medidas restritivas que a proposta legislativa pretende impor &agrave; comercializa&ccedil;&atilde;o de lanches&rdquo;.<\/p>\n<p>Na exposi&ccedil;&atilde;o de motivos de seu veto, o prefeito ainda afirmou ter o Conar (Conselho de Autorregulamenta&ccedil;&atilde;o Publicit&aacute;ria) se destacado no pa&iacute;s como entidade que promove discuss&otilde;es sobre o aprimoramento &eacute;tico das a&ccedil;&otilde;es de marketing e propaganda. Contudo, deixou de atentar para o recente acontecido envolvendo o Conselho, que, h&aacute; duas semanas, proferiu parecer ofensivo e nenhum pouco t&eacute;cnico a uma den&uacute;ncia feita pelo Instituto Alana em face de promo&ccedil;&atilde;o justamente envolvendo a comercializa&ccedil;&atilde;o de fast food com distribui&ccedil;&atilde;o de brinquedos, por parte do Mc Donald&acute;s.<\/p>\n<p>A quest&atilde;o que fica &eacute;: Como considerar o Conar um conselho regulador que, segundo o Prefeito de BH, &ldquo;promove discuss&otilde;es sobre o aprimoramento &eacute;tico das a&ccedil;&otilde;es de marketing&rdquo; se o pr&oacute;prio &oacute;rg&atilde;o n&atilde;o respeita todas as partes no processo e divulga parecer ofensivo a uma organiza&ccedil;&atilde;o da sociedade civil que tem como miss&atilde;o a prote&ccedil;&atilde;o da inf&acirc;ncia perante os excessos e abusos do mercado?<\/span><\/p>\n","protected":false},"excerpt":{"rendered":"<p>Reda&ccedil;&atilde;o &#8211; Consemismo e inf&ecirc;ncia O prefeito de Belo Horizonte, Marcio Araujo de Lacerda, do PSB, vetou em 14 de julho, a proposi&ccedil;&atilde;o de lei que impediria a comercializa&ccedil;&atilde;o de alimentos junto com brindes ou brinquedos. A proposta, de autoria da vereadora Maria L&uacute;cia Scarpelli, do PC do B, havia sido aprovada pela Assembl&eacute;ia Legislativa &hellip; <a href=\"https:\/\/obscom.intervozes.org.br\/?p=25831\" class=\"more-link\">Continue lendo <span class=\"screen-reader-text\">Prefeito de BH veta PL que pro\u00edbe a comercializa\u00e7\u00e3o de alimento com brindes ou brinquedos<\/span> <span class=\"meta-nav\">&rarr;<\/span><\/a><\/p>\n","protected":false},"author":1,"featured_media":0,"comment_status":"open","ping_status":"open","sticky":false,"template":"","format":"standard","meta":{"footnotes":""},"categories":[39],"tags":[],"_links":{"self":[{"href":"https:\/\/obscom.intervozes.org.br\/index.php?rest_route=\/wp\/v2\/posts\/25831"}],"collection":[{"href":"https:\/\/obscom.intervozes.org.br\/index.php?rest_route=\/wp\/v2\/posts"}],"about":[{"href":"https:\/\/obscom.intervozes.org.br\/index.php?rest_route=\/wp\/v2\/types\/post"}],"author":[{"embeddable":true,"href":"https:\/\/obscom.intervozes.org.br\/index.php?rest_route=\/wp\/v2\/users\/1"}],"replies":[{"embeddable":true,"href":"https:\/\/obscom.intervozes.org.br\/index.php?rest_route=%2Fwp%2Fv2%2Fcomments&post=25831"}],"version-history":[{"count":0,"href":"https:\/\/obscom.intervozes.org.br\/index.php?rest_route=\/wp\/v2\/posts\/25831\/revisions"}],"wp:attachment":[{"href":"https:\/\/obscom.intervozes.org.br\/index.php?rest_route=%2Fwp%2Fv2%2Fmedia&parent=25831"}],"wp:term":[{"taxonomy":"category","embeddable":true,"href":"https:\/\/obscom.intervozes.org.br\/index.php?rest_route=%2Fwp%2Fv2%2Fcategories&post=25831"},{"taxonomy":"post_tag","embeddable":true,"href":"https:\/\/obscom.intervozes.org.br\/index.php?rest_route=%2Fwp%2Fv2%2Ftags&post=25831"}],"curies":[{"name":"wp","href":"https:\/\/api.w.org\/{rel}","templated":true}]}}