{"id":25825,"date":"2011-07-15T13:47:31","date_gmt":"2011-07-15T13:47:31","guid":{"rendered":"https:\/\/obscom.intervozes.org.br\/wordpress\/?p=25825"},"modified":"2011-07-15T13:47:31","modified_gmt":"2011-07-15T13:47:31","slug":"com-nova-metodologia-anatel-preve-fator-x-duas-vezes-maior-reajuste-negativo-e-bastante-provavel","status":"publish","type":"post","link":"https:\/\/obscom.intervozes.org.br\/?p=25825","title":{"rendered":"Com nova metodologia, Anatel prev\u00ea Fator X duas vezes maior; reajuste negativo \u00e9 bastante prov\u00e1vel"},"content":{"rendered":"<p><span class=\"padrao\">A Anatel est&aacute; propondo uma altera&ccedil;&atilde;o significativa na f&oacute;rmula do Fator X que, se prevalecer como est&aacute; sendo sugerida, pode provocar uma redu&ccedil;&atilde;o da assinatura b&aacute;sica nos pr&oacute;ximos reajustes do STFC. Segundo o conselheiro Jarbas Valente, a expectativa da ag&ecirc;ncia com a nova metodologia de c&aacute;lculo do Fator X &eacute; que ele dobre em rela&ccedil;&atilde;o ao &iacute;ndice m&eacute;dio registrado nos &uacute;ltimos anos, de algo em torno de 3,5% para cerca de 7% ou 8%. Como o &iacute;ndice de reajuste do setor (IST) tem sido de cerca de 3%, a chance de uma queda na assinatura b&aacute;sica &eacute; concreta. A consulta durar&aacute; 30 dias e deve ter uma audi&ecirc;ncia p&uacute;blica.<\/p>\n<p>Mas as operadoras ter&atilde;o algumas alternativas para minimizar essa amplia&ccedil;&atilde;o no Fator X. Ele decair&aacute; um pouco em fun&ccedil;&atilde;o de planos que promovam uma amplia&ccedil;&atilde;o da base do STFC. Assim, se as operadoras venderem bem o AICE ou qualquer outro plano que traga mais usu&aacute;rios para a base, o Fator X pode ser um pouco menor.<\/p>\n<p>A expectativa da Anatel &eacute; que o Fator X seja anunciado assim que o regulamento for aprovado. A ideia era anunciar o &iacute;ndice para os pr&oacute;ximos cinco anos, mas a ag&ecirc;ncia optou por fazer a conta para os pr&oacute;ximos tr&ecirc;s anos e reavaliar antes de estabelecer os pr&oacute;ximos dois. Como o novo c&aacute;lculo do Fator X considera apenas aspectos futuros, ele poder&aacute; ser anunciado imediatamente.<\/p>\n<p>Outra novidade &eacute; que o Fator X ser&aacute; agora individualizado para cada concession&aacute;ria e para cada modalidade de STFC. E o Fator X maior, correspondente ao da empresa mais eficiente em termos de produtividade, ser&aacute; considerado no c&aacute;lculo das demais. Segundo Jarbas Valente, a medida visa evitar que as empresas se acomodem a uma baixa produtividade para terem um Fator X menor.<\/p>\n<p>A Anatel, reconhece Jarbas Valente, quer induzir as operadoras a buscarem planos alternativos mais vantajosos para o consumidor e que ampliem a base e, com isso, pressionar por uma redu&ccedil;&atilde;o da m&eacute;dia paga pelo servi&ccedil;o pelo STFC.<\/p>\n<p>Outra pegadinha para as empresas &eacute; que a ag&ecirc;ncia deve manter, no novo regulamento do STFC a ser editado, o dispositivo de compara&ccedil;&atilde;o de pacotes na conta do usu&aacute;rio. Assim, em cada fatura o usu&aacute;rio ter&aacute; a informa&ccedil;&atilde;o de quanto aquele consumo custaria se ele estivesse no plano b&aacute;sico. Com isso, a ag&ecirc;ncia quer estimular que o os planos alternativos sejam sempre melhores que o plano b&aacute;sico. E como o Fator X incidir&aacute; sempre sobre o plano b&aacute;sico, isso induzir&aacute; uma redu&ccedil;&atilde;o dos planos alternativos. O texto do novo regulamento de STFC, ap&oacute;s as mudan&ccedil;as da consulta p&uacute;blica est&aacute; na procuradoria da ag&ecirc;ncia.<\/p>\n<p>A Anatel considera extremamente positivo o modelo de atrelar o reajuste de tarifas ao Fator X, ou seja, descontar do reajuste a produtividade das empresas. Segundo as contas da ag&ecirc;ncia, desde 2001, quando o desconto de produtividade passou a ser considerado no reajuste, o consumidor teria pago R$ 17,5 bilh&otilde;es a mais em tarifas, dos quais R$ 7 bilh&otilde;es em tributos. A maior parte do ganho foi na modelagem de 2006 a 2010, quando o ganho para a sociedade calculado pela ag&ecirc;ncia foi de R$ 12,5 bi, dos quais R$ 5 bi em tributos.<\/span><\/p>\n","protected":false},"excerpt":{"rendered":"<p>A Anatel est&aacute; propondo uma altera&ccedil;&atilde;o significativa na f&oacute;rmula do Fator X que, se prevalecer como est&aacute; sendo sugerida, pode provocar uma redu&ccedil;&atilde;o da assinatura b&aacute;sica nos pr&oacute;ximos reajustes do STFC. Segundo o conselheiro Jarbas Valente, a expectativa da ag&ecirc;ncia com a nova metodologia de c&aacute;lculo do Fator X &eacute; que ele dobre em rela&ccedil;&atilde;o &hellip; <a href=\"https:\/\/obscom.intervozes.org.br\/?p=25825\" class=\"more-link\">Continue lendo <span class=\"screen-reader-text\">Com nova metodologia, Anatel prev\u00ea Fator X duas vezes maior; reajuste negativo \u00e9 bastante prov\u00e1vel<\/span> <span class=\"meta-nav\">&rarr;<\/span><\/a><\/p>\n","protected":false},"author":1,"featured_media":0,"comment_status":"open","ping_status":"open","sticky":false,"template":"","format":"standard","meta":{"footnotes":""},"categories":[40],"tags":[149],"_links":{"self":[{"href":"https:\/\/obscom.intervozes.org.br\/index.php?rest_route=\/wp\/v2\/posts\/25825"}],"collection":[{"href":"https:\/\/obscom.intervozes.org.br\/index.php?rest_route=\/wp\/v2\/posts"}],"about":[{"href":"https:\/\/obscom.intervozes.org.br\/index.php?rest_route=\/wp\/v2\/types\/post"}],"author":[{"embeddable":true,"href":"https:\/\/obscom.intervozes.org.br\/index.php?rest_route=\/wp\/v2\/users\/1"}],"replies":[{"embeddable":true,"href":"https:\/\/obscom.intervozes.org.br\/index.php?rest_route=%2Fwp%2Fv2%2Fcomments&post=25825"}],"version-history":[{"count":0,"href":"https:\/\/obscom.intervozes.org.br\/index.php?rest_route=\/wp\/v2\/posts\/25825\/revisions"}],"wp:attachment":[{"href":"https:\/\/obscom.intervozes.org.br\/index.php?rest_route=%2Fwp%2Fv2%2Fmedia&parent=25825"}],"wp:term":[{"taxonomy":"category","embeddable":true,"href":"https:\/\/obscom.intervozes.org.br\/index.php?rest_route=%2Fwp%2Fv2%2Fcategories&post=25825"},{"taxonomy":"post_tag","embeddable":true,"href":"https:\/\/obscom.intervozes.org.br\/index.php?rest_route=%2Fwp%2Fv2%2Ftags&post=25825"}],"curies":[{"name":"wp","href":"https:\/\/api.w.org\/{rel}","templated":true}]}}