{"id":25823,"date":"2011-07-14T17:10:42","date_gmt":"2011-07-14T17:10:42","guid":{"rendered":"https:\/\/obscom.intervozes.org.br\/wordpress\/?p=25823"},"modified":"2014-09-07T03:02:00","modified_gmt":"2014-09-07T03:02:00","slug":"anatel-realiza-quarta-edicao-do-forum-alo-brasil-em-sao-paulo","status":"publish","type":"post","link":"https:\/\/obscom.intervozes.org.br\/?p=25823","title":{"rendered":"Anatel realiza quarta edi\u00e7\u00e3o do F\u00f3rum Al\u00f4, Brasil! em S\u00e3o Paulo"},"content":{"rendered":"<p><strong>Carla Festucci &#8211; Observat&oacute;rio do Direito &agrave; Comunica&ccedil;&atilde;o<\/strong><\/p>\n<p>A Ag&ecirc;ncia Nacional de Telecomunica&ccedil;&otilde;es (Anatel) realizar&aacute;, no pr&oacute;ximo dia 18 (segunda-feira), mais uma edi&ccedil;&atilde;o do &ldquo;F&oacute;rum Al&ocirc;, Brasil!&rdquo;, que acontece das 9h &agrave;s 17h, na Funda&ccedil;&atilde;o Get&uacute;lio Vargas &ndash; FGV, em S&atilde;o Paulo (Rua Itapeva, 432 &#8211; 4&deg; andar, Sal&atilde;o Nobre Bela Vista &ndash; S&atilde;o Paulo\/SP).<\/p>\n<p>Com o objetivo de estimular e fortalecer a participa&ccedil;&atilde;o social nas telecomunica&ccedil;&otilde;es, o evento j&aacute; teve edi&ccedil;&otilde;es em Bras&iacute;lia (26\/04), Belo Horizonte (24\/05) e Rio Branco (03\/07), estando agora em sua quarta etapa. As inscri&ccedil;&otilde;es s&atilde;o gratuitas e podem ser <a href=\"http:\/\/sistemas.anatel.gov.br\/sqp\/Eventos\/InscricaoAloBrasil.asp?CodEvento=11\" target=\"_blank\">feitas pela internet<\/a>.<\/p>\n<p>A <a href=\"http:\/\/localhost\/intervozes_direitoacomunicacao\/wordpress\/?p=18344\">programa&ccedil;&atilde;o inclui<\/a>, dentre outros acontecimentos, discuss&otilde;es em torno da telefonia fixa, telefonia m&oacute;vel e banda larga, TV por assinatura, universaliza&ccedil;&atilde;o, fiscaliza&ccedil;&atilde;o e gest&atilde;o do espectro, al&eacute;m de uma exposi&ccedil;&atilde;o dos &oacute;rg&atilde;os de defesa do consumidor. <\/p>\n","protected":false},"excerpt":{"rendered":"<p>Carla Festucci &#8211; Observat&oacute;rio do Direito &agrave; Comunica&ccedil;&atilde;o A Ag&ecirc;ncia Nacional de Telecomunica&ccedil;&otilde;es (Anatel) realizar&aacute;, no pr&oacute;ximo dia 18 (segunda-feira), mais uma edi&ccedil;&atilde;o do &ldquo;F&oacute;rum Al&ocirc;, Brasil!&rdquo;, que acontece das 9h &agrave;s 17h, na Funda&ccedil;&atilde;o Get&uacute;lio Vargas &ndash; FGV, em S&atilde;o Paulo (Rua Itapeva, 432 &#8211; 4&deg; andar, Sal&atilde;o Nobre Bela Vista &ndash; S&atilde;o Paulo\/SP). &hellip; <a href=\"https:\/\/obscom.intervozes.org.br\/?p=25823\" class=\"more-link\">Continue lendo <span class=\"screen-reader-text\">Anatel realiza quarta edi\u00e7\u00e3o do F\u00f3rum Al\u00f4, Brasil! em S\u00e3o Paulo<\/span> <span class=\"meta-nav\">&rarr;<\/span><\/a><\/p>\n","protected":false},"author":1,"featured_media":0,"comment_status":"open","ping_status":"open","sticky":false,"template":"","format":"standard","meta":{"footnotes":""},"categories":[39],"tags":[],"_links":{"self":[{"href":"https:\/\/obscom.intervozes.org.br\/index.php?rest_route=\/wp\/v2\/posts\/25823"}],"collection":[{"href":"https:\/\/obscom.intervozes.org.br\/index.php?rest_route=\/wp\/v2\/posts"}],"about":[{"href":"https:\/\/obscom.intervozes.org.br\/index.php?rest_route=\/wp\/v2\/types\/post"}],"author":[{"embeddable":true,"href":"https:\/\/obscom.intervozes.org.br\/index.php?rest_route=\/wp\/v2\/users\/1"}],"replies":[{"embeddable":true,"href":"https:\/\/obscom.intervozes.org.br\/index.php?rest_route=%2Fwp%2Fv2%2Fcomments&post=25823"}],"version-history":[{"count":1,"href":"https:\/\/obscom.intervozes.org.br\/index.php?rest_route=\/wp\/v2\/posts\/25823\/revisions"}],"predecessor-version":[{"id":28256,"href":"https:\/\/obscom.intervozes.org.br\/index.php?rest_route=\/wp\/v2\/posts\/25823\/revisions\/28256"}],"wp:attachment":[{"href":"https:\/\/obscom.intervozes.org.br\/index.php?rest_route=%2Fwp%2Fv2%2Fmedia&parent=25823"}],"wp:term":[{"taxonomy":"category","embeddable":true,"href":"https:\/\/obscom.intervozes.org.br\/index.php?rest_route=%2Fwp%2Fv2%2Fcategories&post=25823"},{"taxonomy":"post_tag","embeddable":true,"href":"https:\/\/obscom.intervozes.org.br\/index.php?rest_route=%2Fwp%2Fv2%2Ftags&post=25823"}],"curies":[{"name":"wp","href":"https:\/\/api.w.org\/{rel}","templated":true}]}}